{"id":552,"date":"2023-07-19T17:00:00","date_gmt":"2023-07-19T15:00:00","guid":{"rendered":"https:\/\/der-bussard.de\/fr\/?p=552"},"modified":"2023-07-19T09:46:39","modified_gmt":"2023-07-19T07:46:39","slug":"josephine-baker-la-danseuse-sauvage","status":"publish","type":"post","link":"https:\/\/der-bussard.de\/fr\/2023\/07\/19\/josephine-baker-la-danseuse-sauvage\/","title":{"rendered":"Jos\u00e9phine Baker : La Danseuse Sauvage"},"content":{"rendered":"\n<p class=\"has-drop-cap\">Au d\u00e9but des ann\u00e9es 1920, le <em>Old Chauffeur&rsquo;s Club<\/em> de St. Louis \u00e9tait l&rsquo;un des meilleurs points de chute pour les animateurs en herbe de la sc\u00e8ne jazz : la jeune Jos\u00e9phine Baker y travaillait d&rsquo;abord non pas comme artiste, mais comme serveuse. Mais cela n&rsquo;a rien chang\u00e9 au fait que la jeune Baker a \u00e9t\u00e9 t\u00e9moin de la cr\u00e9ation d&rsquo;un nouveau genre musical par les pionniers de la musique de jazz alors en plein essor. \u00c0 quatorze ans, Baker \u00e9tudiait attentivement les prestations des artistes au <em>Old Chauffeur&rsquo;s Club<\/em> et divertissait les clients avec ses propres petits spectacles.\u00a0<br>En 1920, Baker a \u00e9galement fait ses premi\u00e8res apparitions th\u00e9\u00e2trales au <em>Booker T. Washington Theatre<\/em> de St. Louis : c&rsquo;est en tant que membre du spectacle Jones Family que Jos\u00e9phine Baker a fait ses d\u00e9buts sur sc\u00e8ne \u00e0 l&rsquo;\u00e2ge de quatorze ans.<br>\u00ab\u00a0Elle a choisi sa voie. Laissons-la\u00a0\u00bb, fut le commentaire de la m\u00e8re de Jos\u00e9phine Baker lorsqu&rsquo;elle apprit que sa fille, comme membre de la <em>Jones Family<\/em>, avait d\u00e9cid\u00e9 de partir en tourn\u00e9e. Aucun membre de sa famille ne lui a dit au revoir \u00e0 la gare \u2013 pour sa m\u00e8re, le d\u00e9part de sa fille Josephine aurait \u00e9t\u00e9 plus un soulagement qu&rsquo;une perte, car elle devait d\u00e9sormais \u00bbs\u2019occuper d&rsquo;un enfant de moins\u00ab.\u00a0<\/p>\n\n\n\n<figure class=\"wp-block-pullquote\"><blockquote><p>Le fait que Baker, une pauvre danseuse de Saint-Louis, ait r\u00e9ussi \u00e0 se rendre \u00e0 New York \u00e9tait d\u00e9j\u00e0 une sensation.\u00a0<\/p><\/blockquote><\/figure>\n\n\n\n<h4 class=\"wp-block-heading\"><strong>Naissance et <em>Shuffle Along<\/em><\/strong><\/h4>\n\n\n\n<p>Jos\u00e9phine Baker \u00e9tait n\u00e9e dans une Am\u00e9rique extr\u00eamement marqu\u00e9e par la s\u00e9gr\u00e9gation raciale : \u00e0 cette \u00e9poque, il \u00e9tait extr\u00eamement inhabituel pour une personne d&rsquo;origine afro-am\u00e9ricaine, comme l&rsquo;\u00e9tait la m\u00e8re de Jos\u00e9phine Baker, de faire na\u00eetre un enfant sous surveillance m\u00e9dicale. Mais la m\u00e8re de Jos\u00e9phine Baker a eu la possibilit\u00e9, contrairement \u00e0 l&rsquo;esprit de l&rsquo;\u00e9poque, de mettre sa fille au monde \u00e0 l&rsquo;h\u00f4pital. L&rsquo;h\u00f4pital o\u00f9 Jos\u00e9phine Baker est n\u00e9e \u00e9tait un h\u00f4pital o\u00f9 les personnes d&rsquo;origine afro-am\u00e9ricaine n&rsquo;\u00e9taient pas admises. Cette circonstance a ensuite aliment\u00e9 la rumeur selon laquelle le p\u00e8re de Baker n&rsquo;\u00e9tait peut-\u00eatre pas d&rsquo;origine afro-am\u00e9ricaine.<br>La naissance de Jos\u00e9phine Baker aurait \u00e9t\u00e9 marqu\u00e9e par quelques complications : L&rsquo;admission de sa m\u00e8re dans un h\u00f4pital o\u00f9 elle a pu \u00eatre aid\u00e9e lors de l&rsquo;accouchement peut \u00eatre consid\u00e9r\u00e9e comme l&rsquo;un des premiers grands coups de chance de la vie de Jos\u00e9phine Baker.<br>\u00c0 partir de 1920, Jos\u00e9phine Baker a connu une carri\u00e8re fulgurante : en 1922, elle a \u00e9t\u00e9 engag\u00e9e comme membre fixe de l&rsquo;ensemble pour la com\u00e9die musicale <em>Shuffle Along<\/em> de Broadway. Le fait que Baker, une pauvre danseuse de Saint-Louis, ait r\u00e9ussi \u00e0 se rendre \u00e0 New York \u00e9tait d\u00e9j\u00e0 une sensation.&nbsp;<\/p>\n\n\n\n<h4 class=\"wp-block-heading\"><strong>\u00bbLa meneuse de revue la mieux pay\u00e9e du monde\u00ab&nbsp;<\/strong><\/h4>\n\n\n\n<p>La participation de Baker \u00e0 la com\u00e9die musicale <em>Shuffle Along<\/em> a \u00e9t\u00e9 son ticket d&rsquo;entr\u00e9e dans le monde de la c\u00e9l\u00e9brit\u00e9, m\u00eame si elle n&rsquo;a cess\u00e9 par la suite de rejeter son r\u00f4le dans Shuffle Along comme celui d&rsquo;une simple \u00ab\u00a0meneuse de revue\u00a0\u00bb. Le grand succ\u00e8s de la com\u00e9die musicale de Broadway a en outre d\u00e9clench\u00e9 une r\u00e9volution culturelle dans le New York des ann\u00e9es 1920 : Le succ\u00e8s de ces com\u00e9dies musicales, dans lesquelles jouaient principalement des acteurs et des danseurs d&rsquo;origine afro-am\u00e9ricaine, est \u00e0 l&rsquo;origine de la cr\u00e9ation du quartier new-yorkais de Harlem. Sa capacit\u00e9 particuli\u00e8re \u00e0 loucher des yeux sur sc\u00e8ne a \u00e9t\u00e9 remarqu\u00e9e par de nombreux spectateurs et a transform\u00e9 un interm\u00e8de de danse de Baker en une performance de grande classe.<br>Apr\u00e8s ses grands succ\u00e8s \u00e0 New York, au cours desquels elle a \u00e9t\u00e9 promue \u00bbmeneuse de revue la mieux pay\u00e9e du monde\u00ab, l&rsquo;opportunit\u00e9 de partir pour l&rsquo;Europe s&rsquo;est pr\u00e9sent\u00e9e \u00e0 elle : \u00bbLorsque la Statue de la Libert\u00e9 a disparu \u00e0 l&rsquo;horizon, j&rsquo;ai su que d\u00e9sormais j&rsquo;\u00e9tais libre\u00ab, a d\u00e9crit plus tard Baker en r\u00e9trospective son \u00e9tat d&rsquo;esprit lorsqu&rsquo;elle a quitt\u00e9 les \u00c9tats-Unis pour se rendre \u00e0 Paris.\u00a0<\/p>\n\n\n\n<figure class=\"wp-block-image size-large\"><img fetchpriority=\"high\" decoding=\"async\" width=\"1024\" height=\"674\" src=\"https:\/\/der-bussard.de\/fr\/wp-content\/uploads\/sites\/3\/2023\/07\/Com_C16-077-001-1024x674.jpg\" alt=\"\" class=\"wp-image-553\" srcset=\"https:\/\/der-bussard.de\/fr\/wp-content\/uploads\/sites\/3\/2023\/07\/Com_C16-077-001-1024x674.jpg 1024w, https:\/\/der-bussard.de\/fr\/wp-content\/uploads\/sites\/3\/2023\/07\/Com_C16-077-001-300x197.jpg 300w, https:\/\/der-bussard.de\/fr\/wp-content\/uploads\/sites\/3\/2023\/07\/Com_C16-077-001-768x506.jpg 768w, https:\/\/der-bussard.de\/fr\/wp-content\/uploads\/sites\/3\/2023\/07\/Com_C16-077-001-1536x1011.jpg 1536w, https:\/\/der-bussard.de\/fr\/wp-content\/uploads\/sites\/3\/2023\/07\/Com_C16-077-001-2048x1348.jpg 2048w\" sizes=\"(max-width: 1024px) 100vw, 1024px\" \/><figcaption class=\"wp-element-caption\">Josephine Baker, 1967<br>Cr\u00e9dit photo: ETH-Bibliothek Z\u00fcrich, Bildarchiv \/ Fotograf: Schmid, Josef \/ <a href=\"http:\/\/doi.org\/10.3932\/ethz-a-000654846\" target=\"_blank\" rel=\"noreferrer noopener\">Com_C16-077-001<\/a> \/ <a href=\"https:\/\/creativecommons.org\/licenses\/by-sa\/4.0\/deed.en\" target=\"_blank\" rel=\"noreferrer noopener\">CC BY-SA 4.0<\/a><\/figcaption><\/figure>\n\n\n\n<h4 class=\"wp-block-heading\"><strong><em>Revue N\u00e8gre<\/em><\/strong><\/h4>\n\n\n\n<p>Une vie compl\u00e8tement diff\u00e9rente attendait Jos\u00e9phine Baker \u00e0 Paris : La s\u00e9gr\u00e9gation raciale ne jouait pratiquement aucun r\u00f4le par rapport \u00e0 la situation aux \u00c9tats-Unis, mais voir une danseuse afro-am\u00e9ricaine peu v\u00eatue sur sc\u00e8ne \u00e9tait tout de m\u00eame consid\u00e9r\u00e9 comme exotique et faisait grandement sensation.<br>A Paris, Jos\u00e9phine Baker ne faisait rien d&rsquo;autre que danser, danser, danser : Le public parisien \u00e9tait \u2013 tout comme le public new-yorkais \u2013 extr\u00eamement fascin\u00e9 par la danse des yeux de Jos\u00e9phine Baker. Ses succ\u00e8s dans la <em>Revue N\u00e8gre<\/em> ne pass\u00e8rent pas inaper\u00e7us dans l&rsquo;Allemagne voisine des ann\u00e9es 20 : \u00e0 la fin de l&rsquo;ann\u00e9e 1925, la Revue N\u00e8gre f\u00eata sa premi\u00e8re au Kurf\u00fcrstendamm de Berlin et le ph\u00e9nom\u00e8ne Jos\u00e9phine Baker fit un tabac dans le Berlin de la R\u00e9publique de Weimar. Mais l&rsquo;atmosph\u00e8re du Berlin des ann\u00e9es 20 \u2013 la capitale de la nation perdante de la Premi\u00e8re Guerre mondiale \u2013 \u00e9tait totalement diff\u00e9rente de celle du Paris des ann\u00e9es 20 : Klaus Mann formule dans son autobiographie, \u00e0 propos de la vie culturelle du Berlin des ann\u00e9es 20, \u00bbUn peuple battu, appauvri, d\u00e9moralis\u00e9 cherche l&rsquo;oubli dans la danse\u00ab.<br>C&rsquo;\u00e9tait pr\u00e9cis\u00e9ment la mission de Jos\u00e9phine Baker : La danse. Jos\u00e9phine Baker avait \u00e0 peine vingt ans et avait r\u00e9ussi bien plus que la plupart des jeunes filles de son origine. En l&rsquo;espace de six ans, elle \u00e9tait pass\u00e9e du statut de meneuse de revue inconnue de Saint-Louis \u00e0 celui de l&rsquo;une des danseuses les mieux pay\u00e9es et entretenait des contacts avec des personnalit\u00e9s culturelles berlinoises de haut rang comme le metteur en sc\u00e8ne et professeur de th\u00e9\u00e2tre Max Reinhardt.\u00a0<\/p>\n\n\n\n<figure class=\"wp-block-pullquote\"><blockquote><p>Le fait que l&rsquo;on \u00e9crive d\u00e9sormais le pr\u00e9nom de Jos\u00e9phine avec un accent aigu sur le \u00ab\u00a0e\u00a0\u00bb \u00e9tait \u00e9galement un coup de marketing de son manager Pepito.<\/p><\/blockquote><\/figure>\n\n\n\n<h4 class=\"wp-block-heading\"><strong><em>Chez Jos\u00e9phine<\/em><\/strong><\/h4>\n\n\n\n<p>En 1926, Jos\u00e9phine Baker s&rsquo;est vue proposer la direction d&rsquo;un club \u00e0 Paris : \u00c0 peu pr\u00e8s \u00e0 la m\u00eame \u00e9poque, elle rencontre un homme du nom de Pepito, qui se fait passer pour un comte italien, devient d\u00e8s lors son manager et s&rsquo;occupe d&rsquo;\u00e9tablir la \u00bbmarque Jos\u00e9phine Baker\u00ab : cet imposteur dot\u00e9 d&rsquo;un bon sens des affaires se rend compte que l&rsquo;image de Baker des ann\u00e9es 20 n&rsquo;a pas d&rsquo;avenir.<br>Avec l&rsquo;aide de Pepito, le club parisien devient un v\u00e9ritable succ\u00e8s, tant sur le plan financier qu&rsquo;artistique : le club <em>Chez Jos\u00e9phine<\/em>, ouvert en d\u00e9cembre 1926 dans la rue Fontaine \u00e0 Paris, marchait comme sur des roulettes. Le fait que l&rsquo;on \u00e9crive d\u00e9sormais le pr\u00e9nom de Jos\u00e9phine avec un accent aigu sur le \u00ab\u00a0e\u00a0\u00bb \u00e9tait \u00e9galement un coup de marketing de son manager Pepito.<br>\u00bbPepito et Jos\u00e9phine savent rassembler un m\u00e9lange de riches touristes am\u00e9ricains et d&rsquo;\u00e9crivains en herbe, d&rsquo;artistes et d&rsquo;intellectuels d&rsquo;avant-garde dans une ambiance exub\u00e9rante, \u00e9rotique et mondaine (\u2026)\u00ab, \u00e9crit Mona Horncastle dans sa biographie de Jos\u00e9phine Baker \u00e0 propos du club Chez Jos\u00e9phine. Des personnalit\u00e9s culturelles comme l&rsquo;\u00e9crivain Georges Simenon ou l&rsquo;architecte Adolf Loos fr\u00e9quentaient r\u00e9guli\u00e8rement le club de Baker.\u00a0<\/p>\n\n\n\n<h4 class=\"wp-block-heading\"><strong>Un come-back tardif<\/strong><\/h4>\n\n\n\n<p>Dans les ann\u00e9es qui suivirent, Jos\u00e9phine Baker entreprit une tourn\u00e9e europ\u00e9enne qui la conduisit entre autres \u00e0 Vienne et en Scandinavie. \u00c0 l&rsquo;\u00e9poque, Jos\u00e9phine Baker n&rsquo;\u00e9tait pas seulement acclam\u00e9e, les tourn\u00e9es de la danseuse \u00e9taient souvent accompagn\u00e9es de protestations bruyantes dans la ville concern\u00e9e. Lors de sa tourn\u00e9e europ\u00e9enne, Jos\u00e9phine Baker a constat\u00e9 que la s\u00e9gr\u00e9gation raciale n&rsquo;\u00e9tait pas seulement un sujet de pr\u00e9occupation aux \u00c9tats-Unis : malgr\u00e9 cela, Jos\u00e9phine Baker n&rsquo;aurait jamais pu faire une telle carri\u00e8re aux \u00c9tats-Unis. Habilement, Jos\u00e9phine Baker se mettait en sc\u00e8ne en tant que \u00ab\u00a0danseuse sauvage\u00a0\u00bb, qui chantait maintenant dans diff\u00e9rentes langues.<br>Jos\u00e9phine Baker ne s&rsquo;arr\u00eata pas non plus devant la sc\u00e8ne cin\u00e9matographique : en 1934, elle joua aux c\u00f4t\u00e9s de Jean Gabin dans <em>Zouzou<\/em>.<br>Pendant la Seconde Guerre mondiale, Jos\u00e9phine Baker s&rsquo;engagea dans l&rsquo;encadrement des troupes du c\u00f4t\u00e9 des Alli\u00e9s, ce qui lui valut de nombreux honneurs militaires et hommages apr\u00e8s la Seconde Guerre mondiale. Malgr\u00e9 cela, Jos\u00e9phine Baker a sombr\u00e9 dans l&rsquo;insignifiance au plus tard dans les ann\u00e9es cinquante, et \u00e0 la fin des ann\u00e9es soixante, elle \u00e9tait fortement endett\u00e9e.<br>C&rsquo;est gr\u00e2ce \u00e0 l&rsquo;influence de la princesse Gracia Patricia de Monaco que Jos\u00e9phine Baker a pu tenter un come-back dans les derni\u00e8res ann\u00e9es de sa carri\u00e8re : C&rsquo;est notamment \u00e0 la princesse que Baker doit d&rsquo;avoir pu, apr\u00e8s des ann\u00e9es d&rsquo;insignifiance artistique, donner un spectacle au <em>Th\u00e9\u00e2tre Bobino<\/em> \u00e0 Paris en avril 1975, \u00e0 l&rsquo;occasion du cinquanti\u00e8me anniversaire de sa premi\u00e8re apparition sur sc\u00e8ne. Peu de temps apr\u00e8s cette performance unique, Jos\u00e9phine Baker est d\u00e9c\u00e9d\u00e9e \u2013 on peut dire qu&rsquo;elle est rest\u00e9e sur sc\u00e8ne jusqu&rsquo;\u00e0 la fin. Ses fun\u00e9railles au Cimeti\u00e8re de Monaco sont \u00e9galement dues \u00e0 l&rsquo;initiative de Grace Kelly.<\/p>\n\n\n\n<p><a href=\"https:\/\/simonvonludwig.com\" target=\"_blank\" rel=\"noreferrer noopener\">Simon von Ludwig<\/a><\/p>\n\n\n\n<hr class=\"wp-block-separator has-alpha-channel-opacity is-style-dots\"\/>\n\n\n\n<p><em>Source: Horncastle, Mona: Josephine Baker \u2013 Weltstar, Freiheitsk\u00e4mpferin, Ikone [Star mondiale, combattante de la libert\u00e9, ic\u00f4ne], 2020 Molden Verlag <\/em><\/p>\n\n\n\n<p><em>Image d&rsquo;article: Josephine Baker, 1967<br>Cr\u00e9dit photo: ETH-Bibliothek Z\u00fcrich, Bildarchiv \/ Photographer: Schmid, Josef \/ <a href=\"http:\/\/doi.org\/10.3932\/ethz-a-000654847\" target=\"_blank\" rel=\"noreferrer noopener\">Com_C16-077-002<\/a> \/ <a href=\"https:\/\/creativecommons.org\/licenses\/by-sa\/4.0\/deed.en\" target=\"_blank\" rel=\"noreferrer noopener\">CC BY-SA 4.0<\/a><\/em><\/p>\n\n\n\n<hr class=\"wp-block-separator has-alpha-channel-opacity is-style-dots\"\/>\n","protected":false},"excerpt":{"rendered":"<p>Au d\u00e9but des ann\u00e9es 1920, le Old Chauffeur&rsquo;s Club de St. Louis \u00e9tait l&rsquo;un des meilleurs points de chute pour les animateurs en herbe de &#8230;<\/p>\n","protected":false},"author":1,"featured_media":551,"comment_status":"open","ping_status":"open","sticky":false,"template":"","format":"standard","meta":{"footnotes":""},"categories":[10],"tags":[18],"class_list":["post-552","post","type-post","status-publish","format-standard","has-post-thumbnail","hentry","category-musique","tag-musique"],"yoast_head":"<!-- This site is optimized with the Yoast SEO plugin v27.4 - https:\/\/yoast.com\/product\/yoast-seo-wordpress\/ -->\n<title>Jos\u00e9phine Baker : La Danseuse Sauvage &#8211; Der Bussard | FR<\/title>\n<meta name=\"robots\" content=\"index, follow, max-snippet:-1, max-image-preview:large, max-video-preview:-1\" \/>\n<link rel=\"canonical\" href=\"https:\/\/der-bussard.de\/fr\/2023\/07\/19\/josephine-baker-la-danseuse-sauvage\/\" \/>\n<meta property=\"og:locale\" content=\"fr_FR\" \/>\n<meta property=\"og:type\" content=\"article\" \/>\n<meta property=\"og:title\" content=\"Jos\u00e9phine Baker : La Danseuse Sauvage &#8211; Der Bussard | FR\" \/>\n<meta property=\"og:description\" content=\"Au d\u00e9but des ann\u00e9es 1920, le Old Chauffeur&rsquo;s Club de St. Louis \u00e9tait l&rsquo;un des meilleurs points de chute pour les animateurs en herbe de ...\" \/>\n<meta property=\"og:url\" content=\"https:\/\/der-bussard.de\/fr\/2023\/07\/19\/josephine-baker-la-danseuse-sauvage\/\" \/>\n<meta property=\"og:site_name\" content=\"Der Bussard | FR\" \/>\n<meta property=\"article:published_time\" content=\"2023-07-19T15:00:00+00:00\" \/>\n<meta property=\"og:image\" content=\"https:\/\/der-bussard.de\/fr\/wp-content\/uploads\/sites\/3\/2023\/07\/Com_C16-077-002-scaled.jpg\" \/>\n\t<meta property=\"og:image:width\" content=\"2560\" \/>\n\t<meta property=\"og:image:height\" content=\"1585\" \/>\n\t<meta property=\"og:image:type\" content=\"image\/jpeg\" \/>\n<meta name=\"author\" content=\"Der Bussard\" \/>\n<meta name=\"twitter:card\" content=\"summary_large_image\" \/>\n<meta name=\"twitter:label1\" content=\"\u00c9crit par\" \/>\n\t<meta name=\"twitter:data1\" content=\"Der Bussard\" \/>\n\t<meta name=\"twitter:label2\" content=\"Dur\u00e9e de lecture estim\u00e9e\" \/>\n\t<meta name=\"twitter:data2\" content=\"8 minutes\" \/>\n<script type=\"application\/ld+json\" class=\"yoast-schema-graph\">{\"@context\":\"https:\\\/\\\/schema.org\",\"@graph\":[{\"@type\":\"Article\",\"@id\":\"https:\\\/\\\/der-bussard.de\\\/fr\\\/2023\\\/07\\\/19\\\/josephine-baker-la-danseuse-sauvage\\\/#article\",\"isPartOf\":{\"@id\":\"https:\\\/\\\/der-bussard.de\\\/fr\\\/2023\\\/07\\\/19\\\/josephine-baker-la-danseuse-sauvage\\\/\"},\"author\":{\"name\":\"Der Bussard\",\"@id\":\"https:\\\/\\\/der-bussard.de\\\/fr\\\/#\\\/schema\\\/person\\\/c54bad2a3326f772d61db619e4c0772a\"},\"headline\":\"Jos\u00e9phine Baker : La Danseuse Sauvage\",\"datePublished\":\"2023-07-19T15:00:00+00:00\",\"mainEntityOfPage\":{\"@id\":\"https:\\\/\\\/der-bussard.de\\\/fr\\\/2023\\\/07\\\/19\\\/josephine-baker-la-danseuse-sauvage\\\/\"},\"wordCount\":1696,\"commentCount\":0,\"publisher\":{\"@id\":\"https:\\\/\\\/der-bussard.de\\\/fr\\\/#organization\"},\"image\":{\"@id\":\"https:\\\/\\\/der-bussard.de\\\/fr\\\/2023\\\/07\\\/19\\\/josephine-baker-la-danseuse-sauvage\\\/#primaryimage\"},\"thumbnailUrl\":\"https:\\\/\\\/der-bussard.de\\\/fr\\\/wp-content\\\/uploads\\\/sites\\\/3\\\/2023\\\/07\\\/Com_C16-077-002-scaled.jpg\",\"keywords\":[\"Musique\"],\"articleSection\":[\"Musique\"],\"inLanguage\":\"fr-FR\",\"potentialAction\":[{\"@type\":\"CommentAction\",\"name\":\"Comment\",\"target\":[\"https:\\\/\\\/der-bussard.de\\\/fr\\\/2023\\\/07\\\/19\\\/josephine-baker-la-danseuse-sauvage\\\/#respond\"]}]},{\"@type\":\"WebPage\",\"@id\":\"https:\\\/\\\/der-bussard.de\\\/fr\\\/2023\\\/07\\\/19\\\/josephine-baker-la-danseuse-sauvage\\\/\",\"url\":\"https:\\\/\\\/der-bussard.de\\\/fr\\\/2023\\\/07\\\/19\\\/josephine-baker-la-danseuse-sauvage\\\/\",\"name\":\"Jos\u00e9phine Baker : La Danseuse Sauvage &#8211; Der Bussard | FR\",\"isPartOf\":{\"@id\":\"https:\\\/\\\/der-bussard.de\\\/fr\\\/#website\"},\"primaryImageOfPage\":{\"@id\":\"https:\\\/\\\/der-bussard.de\\\/fr\\\/2023\\\/07\\\/19\\\/josephine-baker-la-danseuse-sauvage\\\/#primaryimage\"},\"image\":{\"@id\":\"https:\\\/\\\/der-bussard.de\\\/fr\\\/2023\\\/07\\\/19\\\/josephine-baker-la-danseuse-sauvage\\\/#primaryimage\"},\"thumbnailUrl\":\"https:\\\/\\\/der-bussard.de\\\/fr\\\/wp-content\\\/uploads\\\/sites\\\/3\\\/2023\\\/07\\\/Com_C16-077-002-scaled.jpg\",\"datePublished\":\"2023-07-19T15:00:00+00:00\",\"breadcrumb\":{\"@id\":\"https:\\\/\\\/der-bussard.de\\\/fr\\\/2023\\\/07\\\/19\\\/josephine-baker-la-danseuse-sauvage\\\/#breadcrumb\"},\"inLanguage\":\"fr-FR\",\"potentialAction\":[{\"@type\":\"ReadAction\",\"target\":[\"https:\\\/\\\/der-bussard.de\\\/fr\\\/2023\\\/07\\\/19\\\/josephine-baker-la-danseuse-sauvage\\\/\"]}]},{\"@type\":\"ImageObject\",\"inLanguage\":\"fr-FR\",\"@id\":\"https:\\\/\\\/der-bussard.de\\\/fr\\\/2023\\\/07\\\/19\\\/josephine-baker-la-danseuse-sauvage\\\/#primaryimage\",\"url\":\"https:\\\/\\\/der-bussard.de\\\/fr\\\/wp-content\\\/uploads\\\/sites\\\/3\\\/2023\\\/07\\\/Com_C16-077-002-scaled.jpg\",\"contentUrl\":\"https:\\\/\\\/der-bussard.de\\\/fr\\\/wp-content\\\/uploads\\\/sites\\\/3\\\/2023\\\/07\\\/Com_C16-077-002-scaled.jpg\",\"width\":2560,\"height\":1585,\"caption\":\"Josephine Baker, 1967 Cr\u00e9dit photo: ETH-Bibliothek Z\u00fcrich, Bildarchiv \\\/ Photographe: Schmid, Josef \\\/ Com_C16-077-002 \\\/ CC BY-SA 4.0 http:\\\/\\\/doi.org\\\/10.3932\\\/ethz-a-000654847\"},{\"@type\":\"BreadcrumbList\",\"@id\":\"https:\\\/\\\/der-bussard.de\\\/fr\\\/2023\\\/07\\\/19\\\/josephine-baker-la-danseuse-sauvage\\\/#breadcrumb\",\"itemListElement\":[{\"@type\":\"ListItem\",\"position\":1,\"name\":\"Page d'accueil\",\"item\":\"https:\\\/\\\/der-bussard.de\\\/fr\\\/\"},{\"@type\":\"ListItem\",\"position\":2,\"name\":\"Jos\u00e9phine Baker : La Danseuse Sauvage\"}]},{\"@type\":\"WebSite\",\"@id\":\"https:\\\/\\\/der-bussard.de\\\/fr\\\/#website\",\"url\":\"https:\\\/\\\/der-bussard.de\\\/fr\\\/\",\"name\":\"Der Bussard | FR \u2013 L'oasis de la culture\",\"description\":\"L&#039;oasis de la culture\",\"publisher\":{\"@id\":\"https:\\\/\\\/der-bussard.de\\\/fr\\\/#organization\"},\"alternateName\":\"Der Bussard | FR\",\"potentialAction\":[{\"@type\":\"SearchAction\",\"target\":{\"@type\":\"EntryPoint\",\"urlTemplate\":\"https:\\\/\\\/der-bussard.de\\\/fr\\\/?s={search_term_string}\"},\"query-input\":{\"@type\":\"PropertyValueSpecification\",\"valueRequired\":true,\"valueName\":\"search_term_string\"}}],\"inLanguage\":\"fr-FR\"},{\"@type\":\"Organization\",\"@id\":\"https:\\\/\\\/der-bussard.de\\\/fr\\\/#organization\",\"name\":\"Der Bussard | FR \u2013 L'oasis de la culture\",\"url\":\"https:\\\/\\\/der-bussard.de\\\/fr\\\/\",\"logo\":{\"@type\":\"ImageObject\",\"inLanguage\":\"fr-FR\",\"@id\":\"https:\\\/\\\/der-bussard.de\\\/fr\\\/#\\\/schema\\\/logo\\\/image\\\/\",\"url\":\"https:\\\/\\\/der-bussard.de\\\/fr\\\/wp-content\\\/uploads\\\/sites\\\/3\\\/2021\\\/11\\\/neueslogo-der-bussard.png\",\"contentUrl\":\"https:\\\/\\\/der-bussard.de\\\/fr\\\/wp-content\\\/uploads\\\/sites\\\/3\\\/2021\\\/11\\\/neueslogo-der-bussard.png\",\"width\":2480,\"height\":876,\"caption\":\"Der Bussard | FR \u2013 L'oasis de la culture\"},\"image\":{\"@id\":\"https:\\\/\\\/der-bussard.de\\\/fr\\\/#\\\/schema\\\/logo\\\/image\\\/\"}},{\"@type\":\"Person\",\"@id\":\"https:\\\/\\\/der-bussard.de\\\/fr\\\/#\\\/schema\\\/person\\\/c54bad2a3326f772d61db619e4c0772a\",\"name\":\"Der Bussard\",\"sameAs\":[\"https:\\\/\\\/der-bussard.de\"],\"url\":\"https:\\\/\\\/der-bussard.de\\\/fr\\\/author\\\/tritschler\\\/\"}]}<\/script>\n<!-- \/ Yoast SEO plugin. -->","yoast_head_json":{"title":"Jos\u00e9phine Baker : La Danseuse Sauvage &#8211; Der Bussard | FR","robots":{"index":"index","follow":"follow","max-snippet":"max-snippet:-1","max-image-preview":"max-image-preview:large","max-video-preview":"max-video-preview:-1"},"canonical":"https:\/\/der-bussard.de\/fr\/2023\/07\/19\/josephine-baker-la-danseuse-sauvage\/","og_locale":"fr_FR","og_type":"article","og_title":"Jos\u00e9phine Baker : La Danseuse Sauvage &#8211; Der Bussard | FR","og_description":"Au d\u00e9but des ann\u00e9es 1920, le Old Chauffeur&rsquo;s Club de St. Louis \u00e9tait l&rsquo;un des meilleurs points de chute pour les animateurs en herbe de ...","og_url":"https:\/\/der-bussard.de\/fr\/2023\/07\/19\/josephine-baker-la-danseuse-sauvage\/","og_site_name":"Der Bussard | FR","article_published_time":"2023-07-19T15:00:00+00:00","og_image":[{"width":2560,"height":1585,"url":"https:\/\/der-bussard.de\/fr\/wp-content\/uploads\/sites\/3\/2023\/07\/Com_C16-077-002-scaled.jpg","type":"image\/jpeg"}],"author":"Der Bussard","twitter_card":"summary_large_image","twitter_misc":{"\u00c9crit par":"Der Bussard","Dur\u00e9e de lecture estim\u00e9e":"8 minutes"},"schema":{"@context":"https:\/\/schema.org","@graph":[{"@type":"Article","@id":"https:\/\/der-bussard.de\/fr\/2023\/07\/19\/josephine-baker-la-danseuse-sauvage\/#article","isPartOf":{"@id":"https:\/\/der-bussard.de\/fr\/2023\/07\/19\/josephine-baker-la-danseuse-sauvage\/"},"author":{"name":"Der Bussard","@id":"https:\/\/der-bussard.de\/fr\/#\/schema\/person\/c54bad2a3326f772d61db619e4c0772a"},"headline":"Jos\u00e9phine Baker : La Danseuse Sauvage","datePublished":"2023-07-19T15:00:00+00:00","mainEntityOfPage":{"@id":"https:\/\/der-bussard.de\/fr\/2023\/07\/19\/josephine-baker-la-danseuse-sauvage\/"},"wordCount":1696,"commentCount":0,"publisher":{"@id":"https:\/\/der-bussard.de\/fr\/#organization"},"image":{"@id":"https:\/\/der-bussard.de\/fr\/2023\/07\/19\/josephine-baker-la-danseuse-sauvage\/#primaryimage"},"thumbnailUrl":"https:\/\/der-bussard.de\/fr\/wp-content\/uploads\/sites\/3\/2023\/07\/Com_C16-077-002-scaled.jpg","keywords":["Musique"],"articleSection":["Musique"],"inLanguage":"fr-FR","potentialAction":[{"@type":"CommentAction","name":"Comment","target":["https:\/\/der-bussard.de\/fr\/2023\/07\/19\/josephine-baker-la-danseuse-sauvage\/#respond"]}]},{"@type":"WebPage","@id":"https:\/\/der-bussard.de\/fr\/2023\/07\/19\/josephine-baker-la-danseuse-sauvage\/","url":"https:\/\/der-bussard.de\/fr\/2023\/07\/19\/josephine-baker-la-danseuse-sauvage\/","name":"Jos\u00e9phine Baker : La Danseuse Sauvage &#8211; Der Bussard | FR","isPartOf":{"@id":"https:\/\/der-bussard.de\/fr\/#website"},"primaryImageOfPage":{"@id":"https:\/\/der-bussard.de\/fr\/2023\/07\/19\/josephine-baker-la-danseuse-sauvage\/#primaryimage"},"image":{"@id":"https:\/\/der-bussard.de\/fr\/2023\/07\/19\/josephine-baker-la-danseuse-sauvage\/#primaryimage"},"thumbnailUrl":"https:\/\/der-bussard.de\/fr\/wp-content\/uploads\/sites\/3\/2023\/07\/Com_C16-077-002-scaled.jpg","datePublished":"2023-07-19T15:00:00+00:00","breadcrumb":{"@id":"https:\/\/der-bussard.de\/fr\/2023\/07\/19\/josephine-baker-la-danseuse-sauvage\/#breadcrumb"},"inLanguage":"fr-FR","potentialAction":[{"@type":"ReadAction","target":["https:\/\/der-bussard.de\/fr\/2023\/07\/19\/josephine-baker-la-danseuse-sauvage\/"]}]},{"@type":"ImageObject","inLanguage":"fr-FR","@id":"https:\/\/der-bussard.de\/fr\/2023\/07\/19\/josephine-baker-la-danseuse-sauvage\/#primaryimage","url":"https:\/\/der-bussard.de\/fr\/wp-content\/uploads\/sites\/3\/2023\/07\/Com_C16-077-002-scaled.jpg","contentUrl":"https:\/\/der-bussard.de\/fr\/wp-content\/uploads\/sites\/3\/2023\/07\/Com_C16-077-002-scaled.jpg","width":2560,"height":1585,"caption":"Josephine Baker, 1967 Cr\u00e9dit photo: ETH-Bibliothek Z\u00fcrich, Bildarchiv \/ Photographe: Schmid, Josef \/ Com_C16-077-002 \/ CC BY-SA 4.0 http:\/\/doi.org\/10.3932\/ethz-a-000654847"},{"@type":"BreadcrumbList","@id":"https:\/\/der-bussard.de\/fr\/2023\/07\/19\/josephine-baker-la-danseuse-sauvage\/#breadcrumb","itemListElement":[{"@type":"ListItem","position":1,"name":"Page d'accueil","item":"https:\/\/der-bussard.de\/fr\/"},{"@type":"ListItem","position":2,"name":"Jos\u00e9phine Baker : La Danseuse Sauvage"}]},{"@type":"WebSite","@id":"https:\/\/der-bussard.de\/fr\/#website","url":"https:\/\/der-bussard.de\/fr\/","name":"Der Bussard | FR \u2013 L'oasis de la culture","description":"L&#039;oasis de la culture","publisher":{"@id":"https:\/\/der-bussard.de\/fr\/#organization"},"alternateName":"Der Bussard | FR","potentialAction":[{"@type":"SearchAction","target":{"@type":"EntryPoint","urlTemplate":"https:\/\/der-bussard.de\/fr\/?s={search_term_string}"},"query-input":{"@type":"PropertyValueSpecification","valueRequired":true,"valueName":"search_term_string"}}],"inLanguage":"fr-FR"},{"@type":"Organization","@id":"https:\/\/der-bussard.de\/fr\/#organization","name":"Der Bussard | FR \u2013 L'oasis de la culture","url":"https:\/\/der-bussard.de\/fr\/","logo":{"@type":"ImageObject","inLanguage":"fr-FR","@id":"https:\/\/der-bussard.de\/fr\/#\/schema\/logo\/image\/","url":"https:\/\/der-bussard.de\/fr\/wp-content\/uploads\/sites\/3\/2021\/11\/neueslogo-der-bussard.png","contentUrl":"https:\/\/der-bussard.de\/fr\/wp-content\/uploads\/sites\/3\/2021\/11\/neueslogo-der-bussard.png","width":2480,"height":876,"caption":"Der Bussard | FR \u2013 L'oasis de la culture"},"image":{"@id":"https:\/\/der-bussard.de\/fr\/#\/schema\/logo\/image\/"}},{"@type":"Person","@id":"https:\/\/der-bussard.de\/fr\/#\/schema\/person\/c54bad2a3326f772d61db619e4c0772a","name":"Der Bussard","sameAs":["https:\/\/der-bussard.de"],"url":"https:\/\/der-bussard.de\/fr\/author\/tritschler\/"}]}},"_links":{"self":[{"href":"https:\/\/der-bussard.de\/fr\/wp-json\/wp\/v2\/posts\/552","targetHints":{"allow":["GET"]}}],"collection":[{"href":"https:\/\/der-bussard.de\/fr\/wp-json\/wp\/v2\/posts"}],"about":[{"href":"https:\/\/der-bussard.de\/fr\/wp-json\/wp\/v2\/types\/post"}],"author":[{"embeddable":true,"href":"https:\/\/der-bussard.de\/fr\/wp-json\/wp\/v2\/users\/1"}],"replies":[{"embeddable":true,"href":"https:\/\/der-bussard.de\/fr\/wp-json\/wp\/v2\/comments?post=552"}],"version-history":[{"count":1,"href":"https:\/\/der-bussard.de\/fr\/wp-json\/wp\/v2\/posts\/552\/revisions"}],"predecessor-version":[{"id":554,"href":"https:\/\/der-bussard.de\/fr\/wp-json\/wp\/v2\/posts\/552\/revisions\/554"}],"wp:featuredmedia":[{"embeddable":true,"href":"https:\/\/der-bussard.de\/fr\/wp-json\/wp\/v2\/media\/551"}],"wp:attachment":[{"href":"https:\/\/der-bussard.de\/fr\/wp-json\/wp\/v2\/media?parent=552"}],"wp:term":[{"taxonomy":"category","embeddable":true,"href":"https:\/\/der-bussard.de\/fr\/wp-json\/wp\/v2\/categories?post=552"},{"taxonomy":"post_tag","embeddable":true,"href":"https:\/\/der-bussard.de\/fr\/wp-json\/wp\/v2\/tags?post=552"}],"curies":[{"name":"wp","href":"https:\/\/api.w.org\/{rel}","templated":true}]}}