{"id":519,"date":"2023-05-02T14:00:00","date_gmt":"2023-05-02T12:00:00","guid":{"rendered":"https:\/\/der-bussard.de\/fr\/?p=519"},"modified":"2023-05-02T14:28:03","modified_gmt":"2023-05-02T12:28:03","slug":"max-lichtegg-le-tenor-universel-3","status":"publish","type":"post","link":"https:\/\/der-bussard.de\/fr\/2023\/05\/02\/max-lichtegg-le-tenor-universel-3\/","title":{"rendered":"Max Lichtegg : Le t\u00e9nor universel (3.)"},"content":{"rendered":"\n<h3 class=\"wp-block-heading\">Suite de la <a href=\"https:\/\/der-bussard.de\/fr\/2023\/04\/29\/max-lichtegg-lambassadeur-du-chant-2\/\" target=\"_blank\" rel=\"noreferrer noopener\">deuxi\u00e8me partie<\/a><\/h3>\n\n\n\n<p class=\"has-drop-cap\">En 1949, Max Lichtegg a c\u00e9l\u00e9br\u00e9 une sorte de \u00ab\u00a0retour \u00e0 Vienne\u00a0\u00bb \u2013 dans la ville o\u00f9 sa carri\u00e8re musicale avait d\u00e9but\u00e9. Lichtegg se forgea une r\u00e9putation de t\u00e9nor d&rsquo;op\u00e9ra accompli dans diff\u00e9rents r\u00f4les, notamment dans<em> Le Barbier de S\u00e9ville <\/em>de Rossini ou <em>Carmen<\/em> de Bizet. Le t\u00e9nor obtint un cong\u00e9 du genre de l&rsquo;op\u00e9rette \u2013 il n&rsquo;y eut malheureusement pas de relation contractuelle fixe avec l&rsquo;Op\u00e9ra d&rsquo;\u00c9tat de Vienne.<br>Comme, avec le temps, l&rsquo;engagement \u00e0 Zurich s&rsquo;av\u00e9rait \u00e9galement probl\u00e9matique, il \u00e9tait regrettable que Lichtegg ne puisse pas s&rsquo;engager d\u00e9finitivement avec l&rsquo;Op\u00e9ra d&rsquo;\u00c9tat de Vienne.<br>Dans les ann\u00e9es cinquante, il y eut toujours diff\u00e9rentes demandes d&rsquo;engagement venant du monde entier \u2013 l&rsquo;agent William Stein faisait toujours esp\u00e9rer \u00e0 Lichtegg une perc\u00e9e en Am\u00e9rique. Mais apr\u00e8s de nombreuses d\u00e9sillusions, Lichtegg ne s&rsquo;attendait plus du tout \u00e0 une telle perc\u00e9e.&nbsp;<\/p>\n\n\n\n<h4 class=\"wp-block-heading\"><strong>Une grande notori\u00e9t\u00e9<\/strong><\/h4>\n\n\n\n<p>Mis \u00e0 part cela, les succ\u00e8s \u00e9trangers \u00e9taient loin d&rsquo;\u00eatre bien accueillis dans sa maison m\u00e8re \u00e0 Zurich : C&rsquo;est notamment pour cette raison qu&rsquo;une s\u00e9paration avec le th\u00e9\u00e2tre municipal de Zurich se profilait \u00e0 l&rsquo;horizon. De plus, les cachets de \u2013 compar\u00e9s \u00e0 ceux d&rsquo;autres stars de l&rsquo;op\u00e9ra et de l&rsquo;op\u00e9rette \u2013 \u00e9taient presque ridicules. M\u00eame Maria Callas d\u00e9clara plus tard dans une interview qu&rsquo;elle disposait certes d&rsquo;une certaine fortune, mais qu&rsquo;elle ne se consid\u00e9rait en aucun cas comme riche \u2013 quelle devait \u00eatre la situation de Lichtegg ? Le fait que Lichtegg soit rest\u00e9 \u00e0 Zurich malgr\u00e9 ces circonstances financi\u00e8res prouve une fois de plus que Max Lichtegg tenait \u00e0 l&rsquo;art. Jusqu&rsquo;\u00e0 nouvel ordre, Zurich \u00e9tait le meilleur moyen de r\u00e9pondre aux exigences artistiques qu&rsquo;il avait pour lui-m\u00eame et pour son art.<br>A partir de la saison 1951\/1952, Lichtegg ne conclut plus que des contrats d&rsquo;invit\u00e9 de six mois avec Zurich : le t\u00e9nor consid\u00e9rait cela comme une pr\u00e9paration \u00e0 d&rsquo;autres engagements internationaux.<br>Sa notori\u00e9t\u00e9 en Suisse avait entre-temps atteint des proportions gigantesques \u2013 pour les standards suisses : lorsqu&rsquo;un d\u00e9fil\u00e9 de mode d&rsquo;un fabricant de mode suisse renomm\u00e9 \u00e9tait pr\u00e9vu, il \u00e9tait de bon ton d&rsquo;inviter Max Lichtegg pour l&rsquo;accompagnement musical de la soir\u00e9e.&nbsp;<br>A une \u00e9poque o\u00f9 les d\u00e9fil\u00e9s de mode \u00e9taient la seule source d&rsquo;information pour les personnes int\u00e9ress\u00e9es par la mode, un tel d\u00e9fil\u00e9 avait un statut important.&nbsp;<\/p>\n\n\n\n<figure class=\"wp-block-image size-large\"><img fetchpriority=\"high\" decoding=\"async\" width=\"755\" height=\"1024\" src=\"https:\/\/der-bussard.de\/fr\/wp-content\/uploads\/sites\/3\/2023\/05\/Paganini-1953-755x1024.jpg\" alt=\"\" class=\"wp-image-517\" srcset=\"https:\/\/der-bussard.de\/fr\/wp-content\/uploads\/sites\/3\/2023\/05\/Paganini-1953-755x1024.jpg 755w, https:\/\/der-bussard.de\/fr\/wp-content\/uploads\/sites\/3\/2023\/05\/Paganini-1953-221x300.jpg 221w, https:\/\/der-bussard.de\/fr\/wp-content\/uploads\/sites\/3\/2023\/05\/Paganini-1953-768x1042.jpg 768w, https:\/\/der-bussard.de\/fr\/wp-content\/uploads\/sites\/3\/2023\/05\/Paganini-1953-1132x1536.jpg 1132w, https:\/\/der-bussard.de\/fr\/wp-content\/uploads\/sites\/3\/2023\/05\/Paganini-1953-1510x2048.jpg 1510w, https:\/\/der-bussard.de\/fr\/wp-content\/uploads\/sites\/3\/2023\/05\/Paganini-1953-scaled.jpg 1887w\" sizes=\"(max-width: 755px) 100vw, 755px\" \/><figcaption class=\"wp-element-caption\">Max Lichtegg 1953 dans le r\u00f4le de Paganini dans l&rsquo;op\u00e9ra du m\u00eame nom de Franz Leh\u00e1r, avec l&rsquo;aimable autorisation d&rsquo;<a href=\"http:\/\/www.maxlichtegg.ch\/#!\/page_home\" target=\"_blank\" rel=\"noreferrer noopener\">Alfred Fassbind.<\/a><\/figcaption><\/figure>\n\n\n\n<h4 class=\"wp-block-heading\"><strong>\u00ab Artistiquement compl\u00e8tement \u00e9teint \u00bb<\/strong><\/h4>\n\n\n\n<p>Fin janvier 1953, la messe \u00e9tait dite : Max Lichtegg notait dans son journal : \u00ab Artistiquement compl\u00e8tement \u00e9teint \u2013 plus de bons r\u00f4les \u00bb. La fin de son engagement \u00e0 Zurich se profilait. La fin de ses obligations zurichoises allait-elle signifier un tremplin vers le grand, le vaste monde ?<br>Entre-temps, le chef d&rsquo;orchestre Otto Ackermann \u00e9tait devenu un accompagnateur constant de Max Lichtegg : D\u00e9j\u00e0 \u00e0 l&rsquo;\u00e9poque de Lichtegg \u00e0 Berne, Ackermann le conseillait. Tous deux travaill\u00e8rent ensemble lors d&rsquo;un engagement pour l&rsquo;Op\u00e9ra de Monte-Carlo fin f\u00e9vrier 1953 dans le <em>Freisch\u00fctz<\/em> de Carl Maria von Weber. Ce ne devait pas \u00eatre la derni\u00e8re fois que Max Lichtegg se produirait \u00e0 Monte-Carlo. Deux ans plus tard, Lichtegg se produisit \u00e0 nouveau \u00e0 Monte-Carlo, cette fois dans <em>Boris Godounov <\/em>(Moussorgsky). L&rsquo;op\u00e9ra de la petite principaut\u00e9 de Monaco, pourtant r\u00e9put\u00e9e exclusive, semblait \u00eatre l&rsquo;endroit id\u00e9al pour que le t\u00e9nor Max Lichtegg d\u00e9montre ses talents de chanteur.&nbsp;<\/p>\n\n\n\n<figure class=\"wp-block-pullquote\"><blockquote><p>Les tourn\u00e9es de concerts \u00e9taient pour Lichtegg une occasion bienvenue de mettre en valeur tous les aspects de son r\u00e9pertoire.<\/p><\/blockquote><\/figure>\n\n\n\n<h4 class=\"wp-block-heading\"><strong>De nouvelles opportunit\u00e9s<\/strong><\/h4>\n\n\n\n<p>Au milieu de l&rsquo;ann\u00e9e 1954, Max Lichtegg met fin \u00e0 son contrat avec le th\u00e9\u00e2tre municipal de Zurich : pour le chanteur, c&rsquo;est la fin d&rsquo;une \u00e9poque, qui offre en m\u00eame temps de nombreuses opportunit\u00e9s.<br>Une nouvelle opportunit\u00e9 se pr\u00e9senta imm\u00e9diatement dans la carri\u00e8re de Max Lichtegg :<br>En 1956, l&rsquo;agent Eynar Grabowsky ouvrit une nouvelle phase dans la carri\u00e8re de Max Lichtegg. Grabowsky organisa pour Lichtegg une tourn\u00e9e de 34 concerts dans toute la Suisse \u2013 la tourn\u00e9e se d\u00e9roula avec un grand succ\u00e8s et augmenta la notori\u00e9t\u00e9 du t\u00e9nor. Grabowsky devait assister activement le t\u00e9nor en tant que manager dans les ann\u00e9es \u00e0 venir.<br>D&rsquo;autres tourn\u00e9es de concerts en Suisse et \u00e0 l&rsquo;\u00e9tranger \u00e9taient pr\u00e9vues pour les ann\u00e9es suivantes : Les tourn\u00e9es de concerts \u00e9taient pour Lichtegg une occasion bienvenue de mettre en valeur tous les aspects de son r\u00e9pertoire, qui comprenait des op\u00e9ras, des op\u00e9rettes et des lieder.&nbsp;<\/p>\n\n\n\n<h4 class=\"wp-block-heading\"><strong>Max Lichtegg et l&rsquo;op\u00e9rette<\/strong><\/h4>\n\n\n\n<p>Lors d&rsquo;une repr\u00e9sentation de l&rsquo;op\u00e9rette de Leh\u00e1r <em>Land des L\u00e4chelns<\/em> en 1961 \u00e0 la Kongresshausb\u00fchne de Zurich, Max Lichtegg a fait la d\u00e9claration suivante : <\/p>\n\n\n\n<blockquote class=\"wp-block-quote is-layout-flow wp-block-quote-is-layout-flow\">\n<p>\u00ab Pourquoi est-ce que j&rsquo;aime chanter Leh\u00e1r ? L&rsquo;art de composer sur mesure pour la voix humaine est de plus en plus en d\u00e9clin. (&#8230;) Franz Leh\u00e1r connaissait la conduite de la voix humaine et donc aussi l&rsquo;effet de l&rsquo;expression vocale. (&#8230;) Il \u00e9tait tout simplement le \u2018chanteur-compositeur&rsquo;. (&#8230;) Gr\u00e2ce \u00e0 Leh\u00e1r, le chanteur trouve dans l&rsquo;op\u00e9rette ce qui est propre au chanteur : la possibilit\u00e9 de &lsquo;chanter joliment&rsquo;, ou comme le dit le vieux terme de &lsquo;bel canto&rsquo;, malheureusement souvent malmen\u00e9 et oubli\u00e9 dans sa v\u00e9ritable signification. Et c&rsquo;est pourquoi, tant que l&rsquo;art du chant existera, il y aura certainement aussi Franz Leh\u00e1r. \u00bb<\/p>\n<cite><sub>Fassbind, Alfred A.: Max Lichtegg \u2013 Nur der Musik verpflichtet [Uniquement d\u00e9vou\u00e9 \u00e0 la musique], 2016 R\u00f6merhof maison d\u2019\u00e9dition Zurich, p. 391 et suivante (Traduit de l&rsquo;allemand)<\/sub><\/cite><\/blockquote>\n\n\n\n<p>Cette d\u00e9claration montre la relation de Max Lichtegg avec l&rsquo;op\u00e9rette : C&rsquo;\u00e9tait une r\u00e9ponse \u00e0 ces critiques qui voulaient le rabaisser au rang de \u00ab t\u00e9nor d\u2019op\u00e9rette \u00bb \u2013 alors que l&rsquo;op\u00e9rette n&rsquo;est pas moins une composante du bel canto dans sa forme moderne.&nbsp;<\/p>\n\n\n\n<figure class=\"wp-block-image size-large\"><img decoding=\"async\" width=\"757\" height=\"1024\" src=\"https:\/\/der-bussard.de\/fr\/wp-content\/uploads\/sites\/3\/2023\/05\/Portrait-1960er-757x1024.jpg\" alt=\"\" class=\"wp-image-518\" srcset=\"https:\/\/der-bussard.de\/fr\/wp-content\/uploads\/sites\/3\/2023\/05\/Portrait-1960er-757x1024.jpg 757w, https:\/\/der-bussard.de\/fr\/wp-content\/uploads\/sites\/3\/2023\/05\/Portrait-1960er-222x300.jpg 222w, https:\/\/der-bussard.de\/fr\/wp-content\/uploads\/sites\/3\/2023\/05\/Portrait-1960er-768x1038.jpg 768w, https:\/\/der-bussard.de\/fr\/wp-content\/uploads\/sites\/3\/2023\/05\/Portrait-1960er-1136x1536.jpg 1136w, https:\/\/der-bussard.de\/fr\/wp-content\/uploads\/sites\/3\/2023\/05\/Portrait-1960er-1515x2048.jpg 1515w, https:\/\/der-bussard.de\/fr\/wp-content\/uploads\/sites\/3\/2023\/05\/Portrait-1960er-scaled.jpg 1893w\" sizes=\"(max-width: 757px) 100vw, 757px\" \/><figcaption class=\"wp-element-caption\">Portrait de Max Lichtegg dans les ann\u00e9es 1960, avec l&rsquo;aimable autorisation d&rsquo;<a href=\"http:\/\/www.maxlichtegg.ch\/#!\/page_home\" target=\"_blank\" rel=\"noreferrer noopener\">Alfred Fassbind<\/a><\/figcaption><\/figure>\n\n\n\n<h4 class=\"wp-block-heading\"><strong>Le bel canto moderne<\/strong><\/h4>\n\n\n\n<p>Le bel canto dans sa forme moderne \u00e9tait cependant loin d&rsquo;\u00eatre reconnu \u00e0 l&rsquo;\u00e9poque : Max Lichtegg \u00e9voque l&rsquo;aspect du &lsquo;beau chant&rsquo; \u2013 beaucoup de ses auditeurs appr\u00e9ciaient justement cet aspect dans son style de chant. De nombreux chanteurs et sp\u00e9cialistes du bel canto ne partageaient pas du tout l&rsquo;avis de Max Lichtegg : Le bel canto ne signifie pas seulement &lsquo;chanter bien&rsquo;, a d\u00e9clar\u00e9 Maria Callas \u00e0 ses \u00e9l\u00e8ves de la Juilliard School dans les ann\u00e9es 70. Selon la diva de l&rsquo;op\u00e9ra, le bel canto est bien plus une question d&rsquo;exigences techniques vocales des compositeurs du style bel canto. Il ne s&rsquo;agit pas forc\u00e9ment de chanter joliment \u2013 si la sc\u00e8ne l&rsquo;exige, il faut m\u00eame \u00eatre pr\u00eate \u00e0 chanter de mani\u00e8re \u00e2pre et stridente. Apr\u00e8s tout, l&rsquo;op\u00e9ra est un spectacle. C&rsquo;est l&rsquo;avis de la Callas et peut-\u00eatre d&rsquo;autres sp\u00e9cialistes influents de l&rsquo;\u00e9poque.&nbsp;<\/p>\n\n\n\n<h4 class=\"wp-block-heading\"><strong>En avance sur son temps<\/strong><\/h4>\n\n\n\n<p>Le t\u00e9nor Max Lichtegg \u00e9tait donc le repr\u00e9sentant d&rsquo;un type de chanteurs peu repr\u00e9sent\u00e9s sur la sc\u00e8ne internationale \u00e0 l&rsquo;\u00e9poque. L&rsquo;art du &lsquo;beau chant&rsquo; tel que Max Lichtegg le ma\u00eetrisait parfaitement \u00e9tait certes demand\u00e9 par le public, mais l&rsquo;\u00e9poque n&rsquo;\u00e9tait en quelque sorte pas encore m\u00fbre pour ce type de chanteur. D&rsquo;autres crit\u00e8res \u00e9taient alors en vigueur et de nombreux sp\u00e9cialistes n&rsquo;auraient pas class\u00e9 l&rsquo;op\u00e9rette dans le bel canto, m\u00eame dans un cauchemar : C&rsquo;est pr\u00e9cis\u00e9ment ce qui a \u00e9t\u00e9 fatal \u00e0 Max Lichtegg tout au long de sa carri\u00e8re. L&rsquo;\u00e9poque n&rsquo;\u00e9tait pas encore m\u00fbre pour l&rsquo;approche universelle de l&rsquo;art du chant \u00e0 laquelle aspirait Lichtegg.<br>Max Lichtegg \u00e9tait une sorte de t\u00e9nor universel : en outre, il n&rsquo;h\u00e9sitait pas \u00e0 faire revivre des \u0153uvres de compositeurs qui \u00e9taient d\u00e9j\u00e0 tomb\u00e9s dans l&rsquo;oubli \u00e0 l&rsquo;\u00e9poque. Ainsi, Max Lichtegg n&rsquo;\u00e9tait pas seulement un conservateur de l&rsquo;art du bel canto, mais aussi un pr\u00e9curseur du \u00ab bel canto moderne \u00bb.&nbsp;<\/p>\n\n\n\n<p><a href=\"https:\/\/simonvonludwig.com\" target=\"_blank\" rel=\"noreferrer noopener\">Simon von Ludwig<\/a><\/p>\n\n\n\n<hr class=\"wp-block-separator has-alpha-channel-opacity is-style-dots\"\/>\n\n\n\n<p><em>Der Bussard exprime sa gratitude \u00e0 M. Alfred Fassbind, de R\u00fcti pr\u00e8s de Zurich, auteur de la biographie de Max Lichtegg, pour sa collaboration.<br>L\u2019ouvrage biographique de r\u00e9f\u00e9rence sur Max Lichtegg r\u00e9dig\u00e9 par M. Fassbind, publi\u00e9 en 2016 par R\u00f6merhof Verlag (Zurich), a \u00e9t\u00e9 gracieusement fourni \u00e0 Der Bussard. La biographie a servi de source centrale pour l\u2019article.<\/em><\/p>\n\n\n\n<p><em>Informations sur la publication: Fassbind, Alfred A.: Max Lichtegg \u2013 Nur der Musik verpflichtet [Uniquement d\u00e9vou\u00e9 \u00e0 la musique], 2016 R\u00f6merhof maison d\u2019\u00e9dition Zurich<\/em><\/p>\n\n\n\n<p><em>Image d&rsquo;article: Max Lichtegg avec Dagmar Koller \u00e0 la t\u00e9l\u00e9vision en 1970. Avec l&rsquo;aimable autorisation d&rsquo;<a href=\"http:\/\/www.maxlichtegg.ch\/#!\/page_home\" target=\"_blank\" rel=\"noreferrer noopener\">Alfred Fassbind<\/a>.<\/em><\/p>\n\n\n\n<hr class=\"wp-block-separator has-alpha-channel-opacity is-style-dots\"\/>\n","protected":false},"excerpt":{"rendered":"<p>Suite de la deuxi\u00e8me partie En 1949, Max Lichtegg a c\u00e9l\u00e9br\u00e9 une sorte de \u00ab\u00a0retour \u00e0 Vienne\u00a0\u00bb \u2013 dans la ville o\u00f9 sa carri\u00e8re musicale &#8230;<\/p>\n","protected":false},"author":1,"featured_media":516,"comment_status":"open","ping_status":"open","sticky":false,"template":"","format":"standard","meta":{"footnotes":""},"categories":[10,40],"tags":[18,41],"class_list":["post-519","post","type-post","status-publish","format-standard","has-post-thumbnail","hentry","category-musique","category-opera","tag-musique","tag-opera"],"yoast_head":"<!-- This site is optimized with the Yoast SEO plugin v27.4 - https:\/\/yoast.com\/product\/yoast-seo-wordpress\/ -->\n<title>Max Lichtegg : Le t\u00e9nor universel (3.) &#8211; Der Bussard | FR<\/title>\n<meta name=\"robots\" content=\"index, follow, max-snippet:-1, max-image-preview:large, max-video-preview:-1\" \/>\n<link rel=\"canonical\" href=\"https:\/\/der-bussard.de\/fr\/2023\/05\/02\/max-lichtegg-le-tenor-universel-3\/\" \/>\n<meta property=\"og:locale\" content=\"fr_FR\" \/>\n<meta property=\"og:type\" content=\"article\" \/>\n<meta property=\"og:title\" content=\"Max Lichtegg : Le t\u00e9nor universel (3.) &#8211; Der Bussard | FR\" \/>\n<meta property=\"og:description\" content=\"Suite de la deuxi\u00e8me partie En 1949, Max Lichtegg a c\u00e9l\u00e9br\u00e9 une sorte de \u00ab\u00a0retour \u00e0 Vienne\u00a0\u00bb \u2013 dans la ville o\u00f9 sa carri\u00e8re musicale ...\" \/>\n<meta property=\"og:url\" content=\"https:\/\/der-bussard.de\/fr\/2023\/05\/02\/max-lichtegg-le-tenor-universel-3\/\" \/>\n<meta property=\"og:site_name\" content=\"Der Bussard | FR\" \/>\n<meta property=\"article:published_time\" content=\"2023-05-02T12:00:00+00:00\" \/>\n<meta property=\"article:modified_time\" content=\"2023-05-02T12:28:03+00:00\" \/>\n<meta property=\"og:image\" content=\"https:\/\/der-bussard.de\/fr\/wp-content\/uploads\/sites\/3\/2023\/05\/mit-Dagmar-Koller-Fernsehen-1970-scaled-e1682950326453.jpg\" \/>\n\t<meta property=\"og:image:width\" content=\"2560\" \/>\n\t<meta property=\"og:image:height\" content=\"1619\" \/>\n\t<meta property=\"og:image:type\" content=\"image\/jpeg\" \/>\n<meta name=\"author\" content=\"Der Bussard\" \/>\n<meta name=\"twitter:card\" content=\"summary_large_image\" \/>\n<meta name=\"twitter:label1\" content=\"\u00c9crit par\" \/>\n\t<meta name=\"twitter:data1\" content=\"Der Bussard\" \/>\n\t<meta name=\"twitter:label2\" content=\"Dur\u00e9e de lecture estim\u00e9e\" \/>\n\t<meta name=\"twitter:data2\" content=\"8 minutes\" \/>\n<script type=\"application\/ld+json\" class=\"yoast-schema-graph\">{\"@context\":\"https:\\\/\\\/schema.org\",\"@graph\":[{\"@type\":\"Article\",\"@id\":\"https:\\\/\\\/der-bussard.de\\\/fr\\\/2023\\\/05\\\/02\\\/max-lichtegg-le-tenor-universel-3\\\/#article\",\"isPartOf\":{\"@id\":\"https:\\\/\\\/der-bussard.de\\\/fr\\\/2023\\\/05\\\/02\\\/max-lichtegg-le-tenor-universel-3\\\/\"},\"author\":{\"name\":\"Der Bussard\",\"@id\":\"https:\\\/\\\/der-bussard.de\\\/fr\\\/#\\\/schema\\\/person\\\/c54bad2a3326f772d61db619e4c0772a\"},\"headline\":\"Max Lichtegg : Le t\u00e9nor universel (3.)\",\"datePublished\":\"2023-05-02T12:00:00+00:00\",\"dateModified\":\"2023-05-02T12:28:03+00:00\",\"mainEntityOfPage\":{\"@id\":\"https:\\\/\\\/der-bussard.de\\\/fr\\\/2023\\\/05\\\/02\\\/max-lichtegg-le-tenor-universel-3\\\/\"},\"wordCount\":1550,\"commentCount\":0,\"publisher\":{\"@id\":\"https:\\\/\\\/der-bussard.de\\\/fr\\\/#organization\"},\"image\":{\"@id\":\"https:\\\/\\\/der-bussard.de\\\/fr\\\/2023\\\/05\\\/02\\\/max-lichtegg-le-tenor-universel-3\\\/#primaryimage\"},\"thumbnailUrl\":\"https:\\\/\\\/der-bussard.de\\\/fr\\\/wp-content\\\/uploads\\\/sites\\\/3\\\/2023\\\/05\\\/mit-Dagmar-Koller-Fernsehen-1970-scaled-e1682950326453.jpg\",\"keywords\":[\"Musique\",\"Op\u00e9ra\"],\"articleSection\":[\"Musique\",\"Op\u00e9ra\"],\"inLanguage\":\"fr-FR\",\"potentialAction\":[{\"@type\":\"CommentAction\",\"name\":\"Comment\",\"target\":[\"https:\\\/\\\/der-bussard.de\\\/fr\\\/2023\\\/05\\\/02\\\/max-lichtegg-le-tenor-universel-3\\\/#respond\"]}]},{\"@type\":\"WebPage\",\"@id\":\"https:\\\/\\\/der-bussard.de\\\/fr\\\/2023\\\/05\\\/02\\\/max-lichtegg-le-tenor-universel-3\\\/\",\"url\":\"https:\\\/\\\/der-bussard.de\\\/fr\\\/2023\\\/05\\\/02\\\/max-lichtegg-le-tenor-universel-3\\\/\",\"name\":\"Max Lichtegg : Le t\u00e9nor universel (3.) &#8211; Der Bussard | FR\",\"isPartOf\":{\"@id\":\"https:\\\/\\\/der-bussard.de\\\/fr\\\/#website\"},\"primaryImageOfPage\":{\"@id\":\"https:\\\/\\\/der-bussard.de\\\/fr\\\/2023\\\/05\\\/02\\\/max-lichtegg-le-tenor-universel-3\\\/#primaryimage\"},\"image\":{\"@id\":\"https:\\\/\\\/der-bussard.de\\\/fr\\\/2023\\\/05\\\/02\\\/max-lichtegg-le-tenor-universel-3\\\/#primaryimage\"},\"thumbnailUrl\":\"https:\\\/\\\/der-bussard.de\\\/fr\\\/wp-content\\\/uploads\\\/sites\\\/3\\\/2023\\\/05\\\/mit-Dagmar-Koller-Fernsehen-1970-scaled-e1682950326453.jpg\",\"datePublished\":\"2023-05-02T12:00:00+00:00\",\"dateModified\":\"2023-05-02T12:28:03+00:00\",\"breadcrumb\":{\"@id\":\"https:\\\/\\\/der-bussard.de\\\/fr\\\/2023\\\/05\\\/02\\\/max-lichtegg-le-tenor-universel-3\\\/#breadcrumb\"},\"inLanguage\":\"fr-FR\",\"potentialAction\":[{\"@type\":\"ReadAction\",\"target\":[\"https:\\\/\\\/der-bussard.de\\\/fr\\\/2023\\\/05\\\/02\\\/max-lichtegg-le-tenor-universel-3\\\/\"]}]},{\"@type\":\"ImageObject\",\"inLanguage\":\"fr-FR\",\"@id\":\"https:\\\/\\\/der-bussard.de\\\/fr\\\/2023\\\/05\\\/02\\\/max-lichtegg-le-tenor-universel-3\\\/#primaryimage\",\"url\":\"https:\\\/\\\/der-bussard.de\\\/fr\\\/wp-content\\\/uploads\\\/sites\\\/3\\\/2023\\\/05\\\/mit-Dagmar-Koller-Fernsehen-1970-scaled-e1682950326453.jpg\",\"contentUrl\":\"https:\\\/\\\/der-bussard.de\\\/fr\\\/wp-content\\\/uploads\\\/sites\\\/3\\\/2023\\\/05\\\/mit-Dagmar-Koller-Fernsehen-1970-scaled-e1682950326453.jpg\",\"width\":2560,\"height\":1619},{\"@type\":\"BreadcrumbList\",\"@id\":\"https:\\\/\\\/der-bussard.de\\\/fr\\\/2023\\\/05\\\/02\\\/max-lichtegg-le-tenor-universel-3\\\/#breadcrumb\",\"itemListElement\":[{\"@type\":\"ListItem\",\"position\":1,\"name\":\"Page d'accueil\",\"item\":\"https:\\\/\\\/der-bussard.de\\\/fr\\\/\"},{\"@type\":\"ListItem\",\"position\":2,\"name\":\"Max Lichtegg : Le t\u00e9nor universel (3.)\"}]},{\"@type\":\"WebSite\",\"@id\":\"https:\\\/\\\/der-bussard.de\\\/fr\\\/#website\",\"url\":\"https:\\\/\\\/der-bussard.de\\\/fr\\\/\",\"name\":\"Der Bussard | FR \u2013 L'oasis de la culture\",\"description\":\"L&#039;oasis de la culture\",\"publisher\":{\"@id\":\"https:\\\/\\\/der-bussard.de\\\/fr\\\/#organization\"},\"alternateName\":\"Der Bussard | FR\",\"potentialAction\":[{\"@type\":\"SearchAction\",\"target\":{\"@type\":\"EntryPoint\",\"urlTemplate\":\"https:\\\/\\\/der-bussard.de\\\/fr\\\/?s={search_term_string}\"},\"query-input\":{\"@type\":\"PropertyValueSpecification\",\"valueRequired\":true,\"valueName\":\"search_term_string\"}}],\"inLanguage\":\"fr-FR\"},{\"@type\":\"Organization\",\"@id\":\"https:\\\/\\\/der-bussard.de\\\/fr\\\/#organization\",\"name\":\"Der Bussard | FR \u2013 L'oasis de la culture\",\"url\":\"https:\\\/\\\/der-bussard.de\\\/fr\\\/\",\"logo\":{\"@type\":\"ImageObject\",\"inLanguage\":\"fr-FR\",\"@id\":\"https:\\\/\\\/der-bussard.de\\\/fr\\\/#\\\/schema\\\/logo\\\/image\\\/\",\"url\":\"https:\\\/\\\/der-bussard.de\\\/fr\\\/wp-content\\\/uploads\\\/sites\\\/3\\\/2021\\\/11\\\/neueslogo-der-bussard.png\",\"contentUrl\":\"https:\\\/\\\/der-bussard.de\\\/fr\\\/wp-content\\\/uploads\\\/sites\\\/3\\\/2021\\\/11\\\/neueslogo-der-bussard.png\",\"width\":2480,\"height\":876,\"caption\":\"Der Bussard | FR \u2013 L'oasis de la culture\"},\"image\":{\"@id\":\"https:\\\/\\\/der-bussard.de\\\/fr\\\/#\\\/schema\\\/logo\\\/image\\\/\"}},{\"@type\":\"Person\",\"@id\":\"https:\\\/\\\/der-bussard.de\\\/fr\\\/#\\\/schema\\\/person\\\/c54bad2a3326f772d61db619e4c0772a\",\"name\":\"Der Bussard\",\"sameAs\":[\"https:\\\/\\\/der-bussard.de\"],\"url\":\"https:\\\/\\\/der-bussard.de\\\/fr\\\/author\\\/tritschler\\\/\"}]}<\/script>\n<!-- \/ Yoast SEO plugin. -->","yoast_head_json":{"title":"Max Lichtegg : Le t\u00e9nor universel (3.) &#8211; Der Bussard | FR","robots":{"index":"index","follow":"follow","max-snippet":"max-snippet:-1","max-image-preview":"max-image-preview:large","max-video-preview":"max-video-preview:-1"},"canonical":"https:\/\/der-bussard.de\/fr\/2023\/05\/02\/max-lichtegg-le-tenor-universel-3\/","og_locale":"fr_FR","og_type":"article","og_title":"Max Lichtegg : Le t\u00e9nor universel (3.) &#8211; Der Bussard | FR","og_description":"Suite de la deuxi\u00e8me partie En 1949, Max Lichtegg a c\u00e9l\u00e9br\u00e9 une sorte de \u00ab\u00a0retour \u00e0 Vienne\u00a0\u00bb \u2013 dans la ville o\u00f9 sa carri\u00e8re musicale ...","og_url":"https:\/\/der-bussard.de\/fr\/2023\/05\/02\/max-lichtegg-le-tenor-universel-3\/","og_site_name":"Der Bussard | FR","article_published_time":"2023-05-02T12:00:00+00:00","article_modified_time":"2023-05-02T12:28:03+00:00","og_image":[{"width":2560,"height":1619,"url":"https:\/\/der-bussard.de\/fr\/wp-content\/uploads\/sites\/3\/2023\/05\/mit-Dagmar-Koller-Fernsehen-1970-scaled-e1682950326453.jpg","type":"image\/jpeg"}],"author":"Der Bussard","twitter_card":"summary_large_image","twitter_misc":{"\u00c9crit par":"Der Bussard","Dur\u00e9e de lecture estim\u00e9e":"8 minutes"},"schema":{"@context":"https:\/\/schema.org","@graph":[{"@type":"Article","@id":"https:\/\/der-bussard.de\/fr\/2023\/05\/02\/max-lichtegg-le-tenor-universel-3\/#article","isPartOf":{"@id":"https:\/\/der-bussard.de\/fr\/2023\/05\/02\/max-lichtegg-le-tenor-universel-3\/"},"author":{"name":"Der Bussard","@id":"https:\/\/der-bussard.de\/fr\/#\/schema\/person\/c54bad2a3326f772d61db619e4c0772a"},"headline":"Max Lichtegg : Le t\u00e9nor universel (3.)","datePublished":"2023-05-02T12:00:00+00:00","dateModified":"2023-05-02T12:28:03+00:00","mainEntityOfPage":{"@id":"https:\/\/der-bussard.de\/fr\/2023\/05\/02\/max-lichtegg-le-tenor-universel-3\/"},"wordCount":1550,"commentCount":0,"publisher":{"@id":"https:\/\/der-bussard.de\/fr\/#organization"},"image":{"@id":"https:\/\/der-bussard.de\/fr\/2023\/05\/02\/max-lichtegg-le-tenor-universel-3\/#primaryimage"},"thumbnailUrl":"https:\/\/der-bussard.de\/fr\/wp-content\/uploads\/sites\/3\/2023\/05\/mit-Dagmar-Koller-Fernsehen-1970-scaled-e1682950326453.jpg","keywords":["Musique","Op\u00e9ra"],"articleSection":["Musique","Op\u00e9ra"],"inLanguage":"fr-FR","potentialAction":[{"@type":"CommentAction","name":"Comment","target":["https:\/\/der-bussard.de\/fr\/2023\/05\/02\/max-lichtegg-le-tenor-universel-3\/#respond"]}]},{"@type":"WebPage","@id":"https:\/\/der-bussard.de\/fr\/2023\/05\/02\/max-lichtegg-le-tenor-universel-3\/","url":"https:\/\/der-bussard.de\/fr\/2023\/05\/02\/max-lichtegg-le-tenor-universel-3\/","name":"Max Lichtegg : Le t\u00e9nor universel (3.) &#8211; Der Bussard | FR","isPartOf":{"@id":"https:\/\/der-bussard.de\/fr\/#website"},"primaryImageOfPage":{"@id":"https:\/\/der-bussard.de\/fr\/2023\/05\/02\/max-lichtegg-le-tenor-universel-3\/#primaryimage"},"image":{"@id":"https:\/\/der-bussard.de\/fr\/2023\/05\/02\/max-lichtegg-le-tenor-universel-3\/#primaryimage"},"thumbnailUrl":"https:\/\/der-bussard.de\/fr\/wp-content\/uploads\/sites\/3\/2023\/05\/mit-Dagmar-Koller-Fernsehen-1970-scaled-e1682950326453.jpg","datePublished":"2023-05-02T12:00:00+00:00","dateModified":"2023-05-02T12:28:03+00:00","breadcrumb":{"@id":"https:\/\/der-bussard.de\/fr\/2023\/05\/02\/max-lichtegg-le-tenor-universel-3\/#breadcrumb"},"inLanguage":"fr-FR","potentialAction":[{"@type":"ReadAction","target":["https:\/\/der-bussard.de\/fr\/2023\/05\/02\/max-lichtegg-le-tenor-universel-3\/"]}]},{"@type":"ImageObject","inLanguage":"fr-FR","@id":"https:\/\/der-bussard.de\/fr\/2023\/05\/02\/max-lichtegg-le-tenor-universel-3\/#primaryimage","url":"https:\/\/der-bussard.de\/fr\/wp-content\/uploads\/sites\/3\/2023\/05\/mit-Dagmar-Koller-Fernsehen-1970-scaled-e1682950326453.jpg","contentUrl":"https:\/\/der-bussard.de\/fr\/wp-content\/uploads\/sites\/3\/2023\/05\/mit-Dagmar-Koller-Fernsehen-1970-scaled-e1682950326453.jpg","width":2560,"height":1619},{"@type":"BreadcrumbList","@id":"https:\/\/der-bussard.de\/fr\/2023\/05\/02\/max-lichtegg-le-tenor-universel-3\/#breadcrumb","itemListElement":[{"@type":"ListItem","position":1,"name":"Page d'accueil","item":"https:\/\/der-bussard.de\/fr\/"},{"@type":"ListItem","position":2,"name":"Max Lichtegg : Le t\u00e9nor universel (3.)"}]},{"@type":"WebSite","@id":"https:\/\/der-bussard.de\/fr\/#website","url":"https:\/\/der-bussard.de\/fr\/","name":"Der Bussard | FR \u2013 L'oasis de la culture","description":"L&#039;oasis de la culture","publisher":{"@id":"https:\/\/der-bussard.de\/fr\/#organization"},"alternateName":"Der Bussard | FR","potentialAction":[{"@type":"SearchAction","target":{"@type":"EntryPoint","urlTemplate":"https:\/\/der-bussard.de\/fr\/?s={search_term_string}"},"query-input":{"@type":"PropertyValueSpecification","valueRequired":true,"valueName":"search_term_string"}}],"inLanguage":"fr-FR"},{"@type":"Organization","@id":"https:\/\/der-bussard.de\/fr\/#organization","name":"Der Bussard | FR \u2013 L'oasis de la culture","url":"https:\/\/der-bussard.de\/fr\/","logo":{"@type":"ImageObject","inLanguage":"fr-FR","@id":"https:\/\/der-bussard.de\/fr\/#\/schema\/logo\/image\/","url":"https:\/\/der-bussard.de\/fr\/wp-content\/uploads\/sites\/3\/2021\/11\/neueslogo-der-bussard.png","contentUrl":"https:\/\/der-bussard.de\/fr\/wp-content\/uploads\/sites\/3\/2021\/11\/neueslogo-der-bussard.png","width":2480,"height":876,"caption":"Der Bussard | FR \u2013 L'oasis de la culture"},"image":{"@id":"https:\/\/der-bussard.de\/fr\/#\/schema\/logo\/image\/"}},{"@type":"Person","@id":"https:\/\/der-bussard.de\/fr\/#\/schema\/person\/c54bad2a3326f772d61db619e4c0772a","name":"Der Bussard","sameAs":["https:\/\/der-bussard.de"],"url":"https:\/\/der-bussard.de\/fr\/author\/tritschler\/"}]}},"_links":{"self":[{"href":"https:\/\/der-bussard.de\/fr\/wp-json\/wp\/v2\/posts\/519","targetHints":{"allow":["GET"]}}],"collection":[{"href":"https:\/\/der-bussard.de\/fr\/wp-json\/wp\/v2\/posts"}],"about":[{"href":"https:\/\/der-bussard.de\/fr\/wp-json\/wp\/v2\/types\/post"}],"author":[{"embeddable":true,"href":"https:\/\/der-bussard.de\/fr\/wp-json\/wp\/v2\/users\/1"}],"replies":[{"embeddable":true,"href":"https:\/\/der-bussard.de\/fr\/wp-json\/wp\/v2\/comments?post=519"}],"version-history":[{"count":3,"href":"https:\/\/der-bussard.de\/fr\/wp-json\/wp\/v2\/posts\/519\/revisions"}],"predecessor-version":[{"id":524,"href":"https:\/\/der-bussard.de\/fr\/wp-json\/wp\/v2\/posts\/519\/revisions\/524"}],"wp:featuredmedia":[{"embeddable":true,"href":"https:\/\/der-bussard.de\/fr\/wp-json\/wp\/v2\/media\/516"}],"wp:attachment":[{"href":"https:\/\/der-bussard.de\/fr\/wp-json\/wp\/v2\/media?parent=519"}],"wp:term":[{"taxonomy":"category","embeddable":true,"href":"https:\/\/der-bussard.de\/fr\/wp-json\/wp\/v2\/categories?post=519"},{"taxonomy":"post_tag","embeddable":true,"href":"https:\/\/der-bussard.de\/fr\/wp-json\/wp\/v2\/tags?post=519"}],"curies":[{"name":"wp","href":"https:\/\/api.w.org\/{rel}","templated":true}]}}