{"id":433,"date":"2023-01-31T17:00:00","date_gmt":"2023-01-31T16:00:00","guid":{"rendered":"https:\/\/der-bussard.de\/fr\/?p=433"},"modified":"2023-07-27T10:24:52","modified_gmt":"2023-07-27T08:24:52","slug":"edith-piaf-un-rire-sonore-2","status":"publish","type":"post","link":"https:\/\/der-bussard.de\/fr\/2023\/01\/31\/edith-piaf-un-rire-sonore-2\/","title":{"rendered":"\u00c9dith Piaf : Un Rire Sonore (2.)"},"content":{"rendered":"\n<h3 class=\"wp-block-heading\">Suite de la <a href=\"https:\/\/der-bussard.de\/fr\/2023\/01\/29\/edith-piaf-un-rire-sonore-1\/\" target=\"_blank\" rel=\"noreferrer noopener\">premi\u00e8re partie<\/a><\/h3>\n\n\n\n<p class=\"has-drop-cap\">Pour \u00c9dith Piaf, une situation d\u00e9sesp\u00e9r\u00e9e ne semblait pas exister : Apr\u00e8s la mort de Leppl\u00e9e, elle a \u00e9t\u00e9 d\u00e9couverte par le po\u00e8te Raymond Asso, qui a \u00e9t\u00e9 pour elle plus qu&rsquo;un simple manager : Asso aurait aid\u00e9 Piaf \u00e0 cr\u00e9er le personnage de sc\u00e8ne qui la rendrait mondialement c\u00e9l\u00e8bre quelques ann\u00e9es plus tard.<br>On attribue en outre \u00e0 Raymond Asso le fait que Piaf utilisa d\u00e9sormais uniform\u00e9ment le nom de sc\u00e8ne \u00c9dith Piaf et non plus M\u00f4me Piaf.<br>Asso l&rsquo;assistait dans toutes les questions : comment devait-elle s&rsquo;habiller sur sc\u00e8ne ? Comment devait-elle interpr\u00e9ter tel ou tel passage d&rsquo;une chanson ?&nbsp;<\/p>\n\n\n\n<h4 class=\"wp-block-heading\"><strong>Th\u00e9\u00e2tre<\/strong><\/h4>\n\n\n\n<p>La chanson Mon l\u00e9gionnaire, dont Raymond Asso a \u00e9crit les paroles, a \u00e9t\u00e9 le premier grand succ\u00e8s d&rsquo;\u00c9dith Piaf en tant que chanteuse : la compositrice Marguerite Monnot a \u00e9crit la musique de la chanson \u2013 une amiti\u00e9 de toute une vie liait Piaf \u00e0 la compositrice.<br>La p\u00e9riode d&rsquo;occupation en France n&rsquo;a pas constitu\u00e9 un obstacle \u00e0 Piaf pour poursuivre sa carri\u00e8re : Ce qui comptait pour elle, c&rsquo;\u00e9tait sa progression artistique. Outre son activit\u00e9 de chansonni\u00e8re, elle se produisait \u00e9galement sur les sc\u00e8nes de th\u00e9\u00e2tre du Paris des ann\u00e9es quarante.<br>Un soir, Piaf rencontra \u00e0 Paris l&rsquo;\u00e9crivain Jean Cocteau : Cocteau d\u00e9cida d&rsquo;\u00e9crire pour Piaf une pi\u00e8ce de th\u00e9\u00e2tre en un acte intitul\u00e9e <em>Le Bel Indiff\u00e9rent<\/em>. La pi\u00e8ce de th\u00e9\u00e2tre, d&rsquo;une dur\u00e9e d&rsquo;environ une demi-heure, \u00e9tait \u00e9crite sp\u00e9cialement pour Piaf et \u00e9tait un seul monologue \u2013 Piaf \u00e9tait la seule actrice de la pi\u00e8ce de th\u00e9\u00e2tre.&nbsp;<\/p>\n\n\n\n<figure class=\"wp-block-pullquote\"><blockquote><p>Chez Piaf, chaque repr\u00e9sentation d&rsquo;une chanson \u00e9tait scenaris\u00e9e comme une pi\u00e8ce de th\u00e9\u00e2tre.<\/p><\/blockquote><\/figure>\n\n\n\n<h4 class=\"wp-block-heading\"><strong>\u00ab ARR\u00caTEZ LA MUSIQUE ! \u00bb<\/strong><\/h4>\n\n\n\n<p>Lorsque le compositeur et parolier Michel Emer \u00e9crivit la chanson <em>L&rsquo;accord\u00e9oniste<\/em> pour Piaf, la chanteuse y ajouta, comme souvent dans ses interpr\u00e9tations, une touche personnelle : \u00e0 la fin de la chanson, Piaf ordonne \u00ab ARR\u00caTEZ ! Arr\u00eatez la musique ! \u00bb et l&rsquo;orchestre se plie imm\u00e9diatement \u00e0 son injonction.<br>Lorsque Piaf a interpr\u00e9t\u00e9 pour la premi\u00e8re fois la chanson <em>L&rsquo;accord\u00e9oniste <\/em>\u00e0 Bobino, l&rsquo;une des sc\u00e8nes parisiennes les plus r\u00e9put\u00e9es, le public s&rsquo;est demand\u00e9, lors du passage \u00ab ARR\u00caTEZ&nbsp; \u00bb, si le micro \u00e9tait d\u00e9fectueux ou si l&rsquo;artiste avait un autre probl\u00e8me. Pourtant, ce n&rsquo;\u00e9tait rien d&rsquo;autre qu&rsquo;un \u00e9l\u00e9ment dramaturgique, comme le public l&rsquo;a vite compris. Seule \u00c9dith Piaf pouvait ajouter de telles notes personnelles \u00e0 ses chansons de mani\u00e8re cr\u00e9dible \u2013 chez elle, chaque repr\u00e9sentation d&rsquo;une chanson \u00e9tait scenaris\u00e9e comme une pi\u00e8ce de th\u00e9\u00e2tre.<\/p>\n\n\n\n<h4 class=\"wp-block-heading\"><strong>Ambassadrice de la culture de la chanson<\/strong><\/h4>\n\n\n\n<p>C&rsquo;est en ao\u00fbt 1944 qu&rsquo;\u00c9dith Piaf et le jeune chansonnier <a href=\"https:\/\/der-bussard.de\/fr\/2022\/04\/13\/yves-montand-chanson-charme-chic\/\" target=\"_blank\" rel=\"noreferrer noopener\">Yves Montand<\/a> se rencontrent pour la premi\u00e8re fois : Piaf voit un grand potentiel chez le jeune Montand et l&rsquo;aide \u00e0 acc\u00e9der \u00e0 des engagements sur des sc\u00e8nes parisiennes prestigieuses.<br>Dans les ann\u00e9es quarante, \u00c9dith Piaf est d\u00e9sign\u00e9e comme la future star de la chanson du music-hall parisien : elle obtient ses premiers grands succ\u00e8s et constitue son \u00e9quipe cr\u00e9ative qui, dans les ann\u00e9es \u00e0 venir, lui \u00e9crira d&rsquo;innombrables chansons sur mesure et fera du nom d&rsquo;\u00c9dith Piaf le synonyme de la chanson fran\u00e7aise dans le monde entier. Apr\u00e8s la Seconde Guerre mondiale, \u00c9dith Piaf a effectu\u00e9 un long s\u00e9jour aux \u00c9tats-Unis \u2013 un s\u00e9jour qui lui convenait parfaitement, notamment pour se soustraire au d\u00e9bat houleux sur la collaboration des artistes dans la France occup\u00e9e. Aux Etats-Unis, on ne savait pas vraiment quoi faire de la chanteuse \u2013 ce n&rsquo;est qu&rsquo;au cours des ann\u00e9es 50 que Piaf est devenue une ambassadrice de la culture de la chanson fran\u00e7aise.<\/p>\n\n\n\n<h4 class=\"wp-block-heading\"><strong>Souffrance<\/strong>&nbsp;<\/h4>\n\n\n\n<p>Apr\u00e8s la mort de son amant Marcel Cerdan en 1949, \u00c9dith Piaf entre dans une nouvelle phase de sa vie : Dans les ann\u00e9es 50, \u00c9dith Piaf a enregistr\u00e9 une grande partie des chansons qui font aujourd&rsquo;hui sa renomm\u00e9e. Elle collabora notamment avec Georges Moustaki, qui \u00e9crivit pour elle la chanson <em>Milord<\/em>. En 1951, le jeune Charles Aznavour devint le secr\u00e9taire personnel d&rsquo;\u00c9dith Piaf \u2013 en contrepartie, quelques ann\u00e9es plus tard, Piaf conseilla son ancien secr\u00e9taire personnel lorsqu&rsquo;il voulut lui-m\u00eame entamer une carri\u00e8re de chansonnier.<br>Bien que les ann\u00e9es cinquante aient \u00e9t\u00e9 l&rsquo;apog\u00e9e artistique d&rsquo;\u00c9dith Piaf, cette d\u00e9cennie a \u00e9t\u00e9 marqu\u00e9e par de nombreuses souffrances psychiques et physiques : \u00e0 la fin des ann\u00e9es cinquante, Piaf \u00e9tait arriv\u00e9e au bout de ses forces \u2013 si l&rsquo;on regarde des photos de Piaf de cette \u00e9poque, on voit l&rsquo;ampleur de ses souffrances.&nbsp;<\/p>\n\n\n\n<h4 class=\"wp-block-heading\"><strong><em>Non, je ne regrette rien<\/em><\/strong><\/h4>\n\n\n\n<p>A la fin des ann\u00e9es 1950, le compositeur Charles Dumont et le parolier Michel Vaucaire ont essay\u00e9 de faire \u00e9couter \u00e0 Piaf, alors alit\u00e9e, une chanson qu&rsquo;ils avaient \u00e9crite sur mesure pour elle : il s&rsquo;agissait de la chanson <em>Non, je ne regrette rien<\/em>.<br>Mais \u00c9dith Piaf a d&rsquo;abord refus\u00e9 : elle ne voulait pas chanter une chanson comme \u00e7a. Un jour, Piaf c\u00e9da \u00e0 ces deux musiciens m\u00e9ticuleux, qui ne cessaient de tenter le coup, et \u00e9couta la chanson.<br>Lorsque Piaf a entendu pour la premi\u00e8re fois <em>Non, je ne regrette rien<\/em>, elle a compris que cette chanson serait le point culminant de son h\u00e9ritage comme chansonni\u00e8re. En \u00e9coutant une interpr\u00e9tation de Non, je ne regrette rien par Piaf, on remarque que Piaf a mis toute l&rsquo;\u00e9nergie qui lui restait dans cette chanson : lorsque Piaf a f\u00eat\u00e9 la premi\u00e8re de la chanson \u00e0 l&rsquo;Olympia de Paris fin 1960, ce n&rsquo;\u00e9tait pas seulement l&rsquo;un des plus grands retours d&rsquo;un artiste du 20e si\u00e8cle, elle aurait \u00e9galement sauv\u00e9 le prestigieux Olympia de la ruine financi\u00e8re gr\u00e2ce \u00e0 son come-back. &nbsp;<\/p>\n\n\n\n<figure class=\"wp-block-pullquote\"><blockquote><p>Les chansons de Piaf racontent l&rsquo;histoire de chacun des musiciens et po\u00e8tes qui ont particip\u00e9 \u00e0 ces chansons.<\/p><\/blockquote><\/figure>\n\n\n\n<h4 class=\"wp-block-heading\"><strong>Marguerite Monnot<\/strong><\/h4>\n\n\n\n<p>Si on \u00e9coute des chansons d&rsquo;\u00c9dith Piaf, ces chansons ne racontent pas seulement l&rsquo;histoire de la vie de la chanteuse elle-m\u00eame : Les chansons de Piaf racontent l&rsquo;histoire de chacun des musiciens et po\u00e8tes qui ont particip\u00e9 \u00e0 ces chansons. C&rsquo;est en particulier avec la compositrice fran\u00e7aise Marguerite Monnot que Piaf a r\u00e9alis\u00e9 d&rsquo;innombrables projets, dont <em>Milord<\/em> ou <em>Hymne \u00e0 l&rsquo;amour<\/em>. Monnot avait \u00e9galement pr\u00e9sent\u00e9 en premier lieu \u00e0 Piaf l&rsquo;id\u00e9e de <em>La vie en rose<\/em>, mais Piaf d\u00e9cida de produire la chanson avec son amie Marianne Michel.<br>La pr\u00e9sence sc\u00e9nique de Piaf n&rsquo;\u00e9tait pas seulement fascinante, elle \u00e9tait profond\u00e9ment contradictoire : la robe noire pieuse qu&rsquo;elle portait sur sc\u00e8ne et son collier en forme de croix contrastaient fortement avec son style de vie, qui ne correspondait pas du tout au mode de vie typique de l&rsquo;\u00e9poque.&nbsp;<\/p>\n\n\n\n<h4 class=\"wp-block-heading\"><strong>L&rsquo;\u00e9chelle Piaf \u2013 inaccessible<\/strong><\/h4>\n\n\n\n<p>Dans les moments chaotiques de sa vie, son amie <a href=\"https:\/\/der-bussard.de\/fr\/2021\/09\/14\/marlene-dietrich-et-jean-gabin-une-relation-marquee-par-la-guerre-1\/\" target=\"_blank\" rel=\"noreferrer noopener\">Marlene Dietrich<\/a> l&rsquo;a souvent soutenue. Piaf aurait \u00e9galement sugg\u00e9r\u00e9 que Marlene Dietrich int\u00e8gre la chanson La Vie En Rose \u00e0 son r\u00e9pertoire. Jusqu&rsquo;\u00e0 pr\u00e9sent, il en avait toujours \u00e9t\u00e9 ainsi : Lorsque Marlene Dietrich interpr\u00e9tait la chanson d&rsquo;une autre artiste, sa version devenait toujours la r\u00e9f\u00e9rence. Mais La Vie En Rose constituait une exception : bien que Marlene ait interpr\u00e9t\u00e9 la chanson \u00e0 plusieurs reprises, la version originale d&rsquo;\u00c9dith Piaf est rest\u00e9e jusqu&rsquo;\u00e0 aujourd&rsquo;hui la r\u00e9f\u00e9rence \u00e0 laquelle toutes les autres interpr\u00e9tations devaient se mesurer.<br>Il est vrai que dans le cas d&rsquo;\u00c9dith Piaf, il s&rsquo;agit d&rsquo;un standard inatteignable \u2013 le ph\u00e9nom\u00e8ne \u00c9dith Piaf n\u2019existera certainement jamais une deuxi\u00e8me fois. &nbsp;<\/p>\n\n\n\n<p><a href=\"https:\/\/simonvonludwig.com\" target=\"_blank\" rel=\"noreferrer noopener\">Simon von Ludwig<\/a><\/p>\n\n\n\n<hr class=\"wp-block-separator has-alpha-channel-opacity is-style-dots\"\/>\n\n\n\n<p><em>Sources:<\/em><\/p>\n\n\n\n<ul class=\"wp-block-list\">\n<li><em>Sali\u00e9, Olaf: Chanson: Leidenschaft, Melancholie und Lebensfreude aus Frankreich [Chanson: Passion, m\u00e9lancolie et joie de vivre de France], 2021 \u00c9ditions Prestel<\/em><\/li>\n\n\n\n<li><em>Bensoussan<\/em>,&nbsp;<em>Albert: Edith Piaf, 2013 \u00c9ditions Gallimard<\/em><\/li>\n\n\n\n<li><em>Bemmann, Helga: Marlene Dietrich \u2013 Ihr Weg zum Chanson [Marlene Dietrich &#8211; Son chemin vers la chanson], 1990 \u00c9ditions Lied der Zeit<\/em><\/li>\n<\/ul>\n\n\n\n<p><em>Image d&rsquo;article : Edith Piaf 1962 \u00e0 Rotterdam<br>Cr\u00e9dit photo : Fotograaf Koch, Eric \/ Anefo, <a href=\"http:\/\/hdl.handle.net\/10648\/aa23b614-d0b4-102d-bcf8-003048976d84\" target=\"_blank\" rel=\"noreferrer noopener\">Nationaal Archief, CC0<\/a><\/em><\/p>\n\n\n\n<hr class=\"wp-block-separator has-alpha-channel-opacity is-style-dots\"\/>\n","protected":false},"excerpt":{"rendered":"<p>Suite de la premi\u00e8re partie Pour \u00c9dith Piaf, une situation d\u00e9sesp\u00e9r\u00e9e ne semblait pas exister : Apr\u00e8s la mort de Leppl\u00e9e, elle a \u00e9t\u00e9 d\u00e9couverte &#8230;<\/p>\n","protected":false},"author":1,"featured_media":567,"comment_status":"open","ping_status":"open","sticky":false,"template":"","format":"standard","meta":{"footnotes":""},"categories":[11,10],"tags":[13,18],"class_list":["post-433","post","type-post","status-publish","format-standard","has-post-thumbnail","hentry","category-chanson","category-musique","tag-chanson","tag-musique"],"yoast_head":"<!-- This site is optimized with the Yoast SEO plugin v27.4 - https:\/\/yoast.com\/product\/yoast-seo-wordpress\/ -->\n<title>\u00c9dith Piaf : Un Rire Sonore (2.) &#8211; Der Bussard | FR<\/title>\n<meta name=\"robots\" content=\"index, follow, max-snippet:-1, max-image-preview:large, max-video-preview:-1\" \/>\n<link rel=\"canonical\" href=\"https:\/\/der-bussard.de\/fr\/2023\/01\/31\/edith-piaf-un-rire-sonore-2\/\" \/>\n<meta property=\"og:locale\" content=\"fr_FR\" \/>\n<meta property=\"og:type\" content=\"article\" \/>\n<meta property=\"og:title\" content=\"\u00c9dith Piaf : Un Rire Sonore (2.) &#8211; Der Bussard | FR\" \/>\n<meta property=\"og:description\" content=\"Suite de la premi\u00e8re partie Pour \u00c9dith Piaf, une situation d\u00e9sesp\u00e9r\u00e9e ne semblait pas exister : Apr\u00e8s la mort de Leppl\u00e9e, elle a \u00e9t\u00e9 d\u00e9couverte ...\" \/>\n<meta property=\"og:url\" content=\"https:\/\/der-bussard.de\/fr\/2023\/01\/31\/edith-piaf-un-rire-sonore-2\/\" \/>\n<meta property=\"og:site_name\" content=\"Der Bussard | FR\" \/>\n<meta property=\"article:published_time\" content=\"2023-01-31T16:00:00+00:00\" \/>\n<meta property=\"article:modified_time\" content=\"2023-07-27T08:24:52+00:00\" \/>\n<meta property=\"og:image\" content=\"https:\/\/der-bussard.de\/fr\/wp-content\/uploads\/sites\/3\/2023\/01\/NL-HaNA_2.24.01.05_0_914-6439-groot-scaled.jpg\" \/>\n\t<meta property=\"og:image:width\" content=\"2560\" \/>\n\t<meta property=\"og:image:height\" content=\"1688\" \/>\n\t<meta property=\"og:image:type\" content=\"image\/jpeg\" \/>\n<meta name=\"author\" content=\"Der Bussard\" \/>\n<meta name=\"twitter:card\" content=\"summary_large_image\" \/>\n<meta name=\"twitter:label1\" content=\"\u00c9crit par\" \/>\n\t<meta name=\"twitter:data1\" content=\"Der Bussard\" \/>\n\t<meta name=\"twitter:label2\" content=\"Dur\u00e9e de lecture estim\u00e9e\" \/>\n\t<meta name=\"twitter:data2\" content=\"7 minutes\" \/>\n<script type=\"application\/ld+json\" class=\"yoast-schema-graph\">{\"@context\":\"https:\\\/\\\/schema.org\",\"@graph\":[{\"@type\":\"Article\",\"@id\":\"https:\\\/\\\/der-bussard.de\\\/fr\\\/2023\\\/01\\\/31\\\/edith-piaf-un-rire-sonore-2\\\/#article\",\"isPartOf\":{\"@id\":\"https:\\\/\\\/der-bussard.de\\\/fr\\\/2023\\\/01\\\/31\\\/edith-piaf-un-rire-sonore-2\\\/\"},\"author\":{\"name\":\"Der Bussard\",\"@id\":\"https:\\\/\\\/der-bussard.de\\\/fr\\\/#\\\/schema\\\/person\\\/c54bad2a3326f772d61db619e4c0772a\"},\"headline\":\"\u00c9dith Piaf : Un Rire Sonore (2.)\",\"datePublished\":\"2023-01-31T16:00:00+00:00\",\"dateModified\":\"2023-07-27T08:24:52+00:00\",\"mainEntityOfPage\":{\"@id\":\"https:\\\/\\\/der-bussard.de\\\/fr\\\/2023\\\/01\\\/31\\\/edith-piaf-un-rire-sonore-2\\\/\"},\"wordCount\":1404,\"commentCount\":0,\"publisher\":{\"@id\":\"https:\\\/\\\/der-bussard.de\\\/fr\\\/#organization\"},\"image\":{\"@id\":\"https:\\\/\\\/der-bussard.de\\\/fr\\\/2023\\\/01\\\/31\\\/edith-piaf-un-rire-sonore-2\\\/#primaryimage\"},\"thumbnailUrl\":\"https:\\\/\\\/der-bussard.de\\\/fr\\\/wp-content\\\/uploads\\\/sites\\\/3\\\/2023\\\/01\\\/NL-HaNA_2.24.01.05_0_914-6439-groot-scaled.jpg\",\"keywords\":[\"Chanson\",\"Musique\"],\"articleSection\":[\"Chanson\",\"Musique\"],\"inLanguage\":\"fr-FR\",\"potentialAction\":[{\"@type\":\"CommentAction\",\"name\":\"Comment\",\"target\":[\"https:\\\/\\\/der-bussard.de\\\/fr\\\/2023\\\/01\\\/31\\\/edith-piaf-un-rire-sonore-2\\\/#respond\"]}]},{\"@type\":\"WebPage\",\"@id\":\"https:\\\/\\\/der-bussard.de\\\/fr\\\/2023\\\/01\\\/31\\\/edith-piaf-un-rire-sonore-2\\\/\",\"url\":\"https:\\\/\\\/der-bussard.de\\\/fr\\\/2023\\\/01\\\/31\\\/edith-piaf-un-rire-sonore-2\\\/\",\"name\":\"\u00c9dith Piaf : Un Rire Sonore (2.) &#8211; Der Bussard | FR\",\"isPartOf\":{\"@id\":\"https:\\\/\\\/der-bussard.de\\\/fr\\\/#website\"},\"primaryImageOfPage\":{\"@id\":\"https:\\\/\\\/der-bussard.de\\\/fr\\\/2023\\\/01\\\/31\\\/edith-piaf-un-rire-sonore-2\\\/#primaryimage\"},\"image\":{\"@id\":\"https:\\\/\\\/der-bussard.de\\\/fr\\\/2023\\\/01\\\/31\\\/edith-piaf-un-rire-sonore-2\\\/#primaryimage\"},\"thumbnailUrl\":\"https:\\\/\\\/der-bussard.de\\\/fr\\\/wp-content\\\/uploads\\\/sites\\\/3\\\/2023\\\/01\\\/NL-HaNA_2.24.01.05_0_914-6439-groot-scaled.jpg\",\"datePublished\":\"2023-01-31T16:00:00+00:00\",\"dateModified\":\"2023-07-27T08:24:52+00:00\",\"breadcrumb\":{\"@id\":\"https:\\\/\\\/der-bussard.de\\\/fr\\\/2023\\\/01\\\/31\\\/edith-piaf-un-rire-sonore-2\\\/#breadcrumb\"},\"inLanguage\":\"fr-FR\",\"potentialAction\":[{\"@type\":\"ReadAction\",\"target\":[\"https:\\\/\\\/der-bussard.de\\\/fr\\\/2023\\\/01\\\/31\\\/edith-piaf-un-rire-sonore-2\\\/\"]}]},{\"@type\":\"ImageObject\",\"inLanguage\":\"fr-FR\",\"@id\":\"https:\\\/\\\/der-bussard.de\\\/fr\\\/2023\\\/01\\\/31\\\/edith-piaf-un-rire-sonore-2\\\/#primaryimage\",\"url\":\"https:\\\/\\\/der-bussard.de\\\/fr\\\/wp-content\\\/uploads\\\/sites\\\/3\\\/2023\\\/01\\\/NL-HaNA_2.24.01.05_0_914-6439-groot-scaled.jpg\",\"contentUrl\":\"https:\\\/\\\/der-bussard.de\\\/fr\\\/wp-content\\\/uploads\\\/sites\\\/3\\\/2023\\\/01\\\/NL-HaNA_2.24.01.05_0_914-6439-groot-scaled.jpg\",\"width\":2560,\"height\":1688},{\"@type\":\"BreadcrumbList\",\"@id\":\"https:\\\/\\\/der-bussard.de\\\/fr\\\/2023\\\/01\\\/31\\\/edith-piaf-un-rire-sonore-2\\\/#breadcrumb\",\"itemListElement\":[{\"@type\":\"ListItem\",\"position\":1,\"name\":\"Page d'accueil\",\"item\":\"https:\\\/\\\/der-bussard.de\\\/fr\\\/\"},{\"@type\":\"ListItem\",\"position\":2,\"name\":\"\u00c9dith Piaf : Un Rire Sonore (2.)\"}]},{\"@type\":\"WebSite\",\"@id\":\"https:\\\/\\\/der-bussard.de\\\/fr\\\/#website\",\"url\":\"https:\\\/\\\/der-bussard.de\\\/fr\\\/\",\"name\":\"Der Bussard | FR \u2013 L'oasis de la culture\",\"description\":\"L&#039;oasis de la culture\",\"publisher\":{\"@id\":\"https:\\\/\\\/der-bussard.de\\\/fr\\\/#organization\"},\"alternateName\":\"Der Bussard | FR\",\"potentialAction\":[{\"@type\":\"SearchAction\",\"target\":{\"@type\":\"EntryPoint\",\"urlTemplate\":\"https:\\\/\\\/der-bussard.de\\\/fr\\\/?s={search_term_string}\"},\"query-input\":{\"@type\":\"PropertyValueSpecification\",\"valueRequired\":true,\"valueName\":\"search_term_string\"}}],\"inLanguage\":\"fr-FR\"},{\"@type\":\"Organization\",\"@id\":\"https:\\\/\\\/der-bussard.de\\\/fr\\\/#organization\",\"name\":\"Der Bussard | FR \u2013 L'oasis de la culture\",\"url\":\"https:\\\/\\\/der-bussard.de\\\/fr\\\/\",\"logo\":{\"@type\":\"ImageObject\",\"inLanguage\":\"fr-FR\",\"@id\":\"https:\\\/\\\/der-bussard.de\\\/fr\\\/#\\\/schema\\\/logo\\\/image\\\/\",\"url\":\"https:\\\/\\\/der-bussard.de\\\/fr\\\/wp-content\\\/uploads\\\/sites\\\/3\\\/2021\\\/11\\\/neueslogo-der-bussard.png\",\"contentUrl\":\"https:\\\/\\\/der-bussard.de\\\/fr\\\/wp-content\\\/uploads\\\/sites\\\/3\\\/2021\\\/11\\\/neueslogo-der-bussard.png\",\"width\":2480,\"height\":876,\"caption\":\"Der Bussard | FR \u2013 L'oasis de la culture\"},\"image\":{\"@id\":\"https:\\\/\\\/der-bussard.de\\\/fr\\\/#\\\/schema\\\/logo\\\/image\\\/\"}},{\"@type\":\"Person\",\"@id\":\"https:\\\/\\\/der-bussard.de\\\/fr\\\/#\\\/schema\\\/person\\\/c54bad2a3326f772d61db619e4c0772a\",\"name\":\"Der Bussard\",\"sameAs\":[\"https:\\\/\\\/der-bussard.de\"],\"url\":\"https:\\\/\\\/der-bussard.de\\\/fr\\\/author\\\/tritschler\\\/\"}]}<\/script>\n<!-- \/ Yoast SEO plugin. -->","yoast_head_json":{"title":"\u00c9dith Piaf : Un Rire Sonore (2.) &#8211; Der Bussard | FR","robots":{"index":"index","follow":"follow","max-snippet":"max-snippet:-1","max-image-preview":"max-image-preview:large","max-video-preview":"max-video-preview:-1"},"canonical":"https:\/\/der-bussard.de\/fr\/2023\/01\/31\/edith-piaf-un-rire-sonore-2\/","og_locale":"fr_FR","og_type":"article","og_title":"\u00c9dith Piaf : Un Rire Sonore (2.) &#8211; Der Bussard | FR","og_description":"Suite de la premi\u00e8re partie Pour \u00c9dith Piaf, une situation d\u00e9sesp\u00e9r\u00e9e ne semblait pas exister : Apr\u00e8s la mort de Leppl\u00e9e, elle a \u00e9t\u00e9 d\u00e9couverte ...","og_url":"https:\/\/der-bussard.de\/fr\/2023\/01\/31\/edith-piaf-un-rire-sonore-2\/","og_site_name":"Der Bussard | FR","article_published_time":"2023-01-31T16:00:00+00:00","article_modified_time":"2023-07-27T08:24:52+00:00","og_image":[{"width":2560,"height":1688,"url":"https:\/\/der-bussard.de\/fr\/wp-content\/uploads\/sites\/3\/2023\/01\/NL-HaNA_2.24.01.05_0_914-6439-groot-scaled.jpg","type":"image\/jpeg"}],"author":"Der Bussard","twitter_card":"summary_large_image","twitter_misc":{"\u00c9crit par":"Der Bussard","Dur\u00e9e de lecture estim\u00e9e":"7 minutes"},"schema":{"@context":"https:\/\/schema.org","@graph":[{"@type":"Article","@id":"https:\/\/der-bussard.de\/fr\/2023\/01\/31\/edith-piaf-un-rire-sonore-2\/#article","isPartOf":{"@id":"https:\/\/der-bussard.de\/fr\/2023\/01\/31\/edith-piaf-un-rire-sonore-2\/"},"author":{"name":"Der Bussard","@id":"https:\/\/der-bussard.de\/fr\/#\/schema\/person\/c54bad2a3326f772d61db619e4c0772a"},"headline":"\u00c9dith Piaf : Un Rire Sonore (2.)","datePublished":"2023-01-31T16:00:00+00:00","dateModified":"2023-07-27T08:24:52+00:00","mainEntityOfPage":{"@id":"https:\/\/der-bussard.de\/fr\/2023\/01\/31\/edith-piaf-un-rire-sonore-2\/"},"wordCount":1404,"commentCount":0,"publisher":{"@id":"https:\/\/der-bussard.de\/fr\/#organization"},"image":{"@id":"https:\/\/der-bussard.de\/fr\/2023\/01\/31\/edith-piaf-un-rire-sonore-2\/#primaryimage"},"thumbnailUrl":"https:\/\/der-bussard.de\/fr\/wp-content\/uploads\/sites\/3\/2023\/01\/NL-HaNA_2.24.01.05_0_914-6439-groot-scaled.jpg","keywords":["Chanson","Musique"],"articleSection":["Chanson","Musique"],"inLanguage":"fr-FR","potentialAction":[{"@type":"CommentAction","name":"Comment","target":["https:\/\/der-bussard.de\/fr\/2023\/01\/31\/edith-piaf-un-rire-sonore-2\/#respond"]}]},{"@type":"WebPage","@id":"https:\/\/der-bussard.de\/fr\/2023\/01\/31\/edith-piaf-un-rire-sonore-2\/","url":"https:\/\/der-bussard.de\/fr\/2023\/01\/31\/edith-piaf-un-rire-sonore-2\/","name":"\u00c9dith Piaf : Un Rire Sonore (2.) &#8211; Der Bussard | FR","isPartOf":{"@id":"https:\/\/der-bussard.de\/fr\/#website"},"primaryImageOfPage":{"@id":"https:\/\/der-bussard.de\/fr\/2023\/01\/31\/edith-piaf-un-rire-sonore-2\/#primaryimage"},"image":{"@id":"https:\/\/der-bussard.de\/fr\/2023\/01\/31\/edith-piaf-un-rire-sonore-2\/#primaryimage"},"thumbnailUrl":"https:\/\/der-bussard.de\/fr\/wp-content\/uploads\/sites\/3\/2023\/01\/NL-HaNA_2.24.01.05_0_914-6439-groot-scaled.jpg","datePublished":"2023-01-31T16:00:00+00:00","dateModified":"2023-07-27T08:24:52+00:00","breadcrumb":{"@id":"https:\/\/der-bussard.de\/fr\/2023\/01\/31\/edith-piaf-un-rire-sonore-2\/#breadcrumb"},"inLanguage":"fr-FR","potentialAction":[{"@type":"ReadAction","target":["https:\/\/der-bussard.de\/fr\/2023\/01\/31\/edith-piaf-un-rire-sonore-2\/"]}]},{"@type":"ImageObject","inLanguage":"fr-FR","@id":"https:\/\/der-bussard.de\/fr\/2023\/01\/31\/edith-piaf-un-rire-sonore-2\/#primaryimage","url":"https:\/\/der-bussard.de\/fr\/wp-content\/uploads\/sites\/3\/2023\/01\/NL-HaNA_2.24.01.05_0_914-6439-groot-scaled.jpg","contentUrl":"https:\/\/der-bussard.de\/fr\/wp-content\/uploads\/sites\/3\/2023\/01\/NL-HaNA_2.24.01.05_0_914-6439-groot-scaled.jpg","width":2560,"height":1688},{"@type":"BreadcrumbList","@id":"https:\/\/der-bussard.de\/fr\/2023\/01\/31\/edith-piaf-un-rire-sonore-2\/#breadcrumb","itemListElement":[{"@type":"ListItem","position":1,"name":"Page d'accueil","item":"https:\/\/der-bussard.de\/fr\/"},{"@type":"ListItem","position":2,"name":"\u00c9dith Piaf : Un Rire Sonore (2.)"}]},{"@type":"WebSite","@id":"https:\/\/der-bussard.de\/fr\/#website","url":"https:\/\/der-bussard.de\/fr\/","name":"Der Bussard | FR \u2013 L'oasis de la culture","description":"L&#039;oasis de la culture","publisher":{"@id":"https:\/\/der-bussard.de\/fr\/#organization"},"alternateName":"Der Bussard | FR","potentialAction":[{"@type":"SearchAction","target":{"@type":"EntryPoint","urlTemplate":"https:\/\/der-bussard.de\/fr\/?s={search_term_string}"},"query-input":{"@type":"PropertyValueSpecification","valueRequired":true,"valueName":"search_term_string"}}],"inLanguage":"fr-FR"},{"@type":"Organization","@id":"https:\/\/der-bussard.de\/fr\/#organization","name":"Der Bussard | FR \u2013 L'oasis de la culture","url":"https:\/\/der-bussard.de\/fr\/","logo":{"@type":"ImageObject","inLanguage":"fr-FR","@id":"https:\/\/der-bussard.de\/fr\/#\/schema\/logo\/image\/","url":"https:\/\/der-bussard.de\/fr\/wp-content\/uploads\/sites\/3\/2021\/11\/neueslogo-der-bussard.png","contentUrl":"https:\/\/der-bussard.de\/fr\/wp-content\/uploads\/sites\/3\/2021\/11\/neueslogo-der-bussard.png","width":2480,"height":876,"caption":"Der Bussard | FR \u2013 L'oasis de la culture"},"image":{"@id":"https:\/\/der-bussard.de\/fr\/#\/schema\/logo\/image\/"}},{"@type":"Person","@id":"https:\/\/der-bussard.de\/fr\/#\/schema\/person\/c54bad2a3326f772d61db619e4c0772a","name":"Der Bussard","sameAs":["https:\/\/der-bussard.de"],"url":"https:\/\/der-bussard.de\/fr\/author\/tritschler\/"}]}},"_links":{"self":[{"href":"https:\/\/der-bussard.de\/fr\/wp-json\/wp\/v2\/posts\/433","targetHints":{"allow":["GET"]}}],"collection":[{"href":"https:\/\/der-bussard.de\/fr\/wp-json\/wp\/v2\/posts"}],"about":[{"href":"https:\/\/der-bussard.de\/fr\/wp-json\/wp\/v2\/types\/post"}],"author":[{"embeddable":true,"href":"https:\/\/der-bussard.de\/fr\/wp-json\/wp\/v2\/users\/1"}],"replies":[{"embeddable":true,"href":"https:\/\/der-bussard.de\/fr\/wp-json\/wp\/v2\/comments?post=433"}],"version-history":[{"count":4,"href":"https:\/\/der-bussard.de\/fr\/wp-json\/wp\/v2\/posts\/433\/revisions"}],"predecessor-version":[{"id":568,"href":"https:\/\/der-bussard.de\/fr\/wp-json\/wp\/v2\/posts\/433\/revisions\/568"}],"wp:featuredmedia":[{"embeddable":true,"href":"https:\/\/der-bussard.de\/fr\/wp-json\/wp\/v2\/media\/567"}],"wp:attachment":[{"href":"https:\/\/der-bussard.de\/fr\/wp-json\/wp\/v2\/media?parent=433"}],"wp:term":[{"taxonomy":"category","embeddable":true,"href":"https:\/\/der-bussard.de\/fr\/wp-json\/wp\/v2\/categories?post=433"},{"taxonomy":"post_tag","embeddable":true,"href":"https:\/\/der-bussard.de\/fr\/wp-json\/wp\/v2\/tags?post=433"}],"curies":[{"name":"wp","href":"https:\/\/api.w.org\/{rel}","templated":true}]}}