{"id":384,"date":"2022-10-10T19:00:00","date_gmt":"2022-10-10T17:00:00","guid":{"rendered":"https:\/\/der-bussard.de\/fr\/?p=384"},"modified":"2023-07-27T10:47:14","modified_gmt":"2023-07-27T08:47:14","slug":"jacques-brel-la-chanson-etait-sa-vocation","status":"publish","type":"post","link":"https:\/\/der-bussard.de\/fr\/2022\/10\/10\/jacques-brel-la-chanson-etait-sa-vocation\/","title":{"rendered":"Jacques Brel : la chanson \u00e9tait sa vocation"},"content":{"rendered":"\n<p class=\"has-drop-cap\">\u00bb Il n&rsquo;y a rien de plus ennuyeux que de devoir mettre une note sous chaque mot \u00ab, affirmait un jour Jacques Brel. Sa plus grande passion et son plus grand talent \u00e9taient d&rsquo;\u00e9crire des chansons. Il s&rsquo;\u00e9tait mis pour objectif d&rsquo;exprimer des sentiments, de d\u00e9peindre des personnes et des situations et de captiver l&rsquo;auditeur avec ses chansons.<br>Il se sentait souvent limit\u00e9 par les r\u00e8gles strictes de la musique, qu&rsquo;il consid\u00e9rait comme un obstacle \u00e0 sa cr\u00e9ativit\u00e9 po\u00e9tique : n\u00e9anmoins, une chanson de Jacques Brel ne pouvait pas vivre sans accompagnement musical. La chanson \u00e9tait sa vocation.&nbsp;<\/p>\n\n\n\n<h4 class=\"wp-block-heading\"><strong>Tous les d\u00e9buts sont difficiles<\/strong><\/h4>\n\n\n\n<p>Il a fallu du temps pour que Jacques Brel soit reconnu sur la sc\u00e8ne de la chanson : Dans sa r\u00e9gion natale de Bruxelles, il a commenc\u00e9 \u00e0 interpr\u00e9ter des chansons qu&rsquo;il avait lui-m\u00eame \u00e9crites \u2013 sans succ\u00e8s au d\u00e9but.<br>Son p\u00e8re avait pr\u00e9vu une vie bourgeoise pour son fils Jacques Brel : Tr\u00e8s jeune, il commen\u00e7a \u00e0 travailler dans l&rsquo;usine familiale de cartonnage. Mais Brel trouvait ce genre de vie triste et inint\u00e9ressant : pour lui, il \u00e9tait clair qu&rsquo;il voulait devenir artiste.<br>En 1953, Jacques Brel a pu enregistrer son premier disque chez Philips : il devait cette opportunit\u00e9 \u00e0 une animatrice de radio. Son premier 45 tours avec les chansons <em>La foire<\/em> et <em>Il y a <\/em>ne se vendit pas \u00e0 plus de 200 exemplaires, mais cela suffit pour que le directeur artistique de Philips le remarque et l&rsquo;invite \u00e0 Paris. &nbsp;<\/p>\n\n\n\n<figure class=\"wp-block-pullquote\"><blockquote><p>Seuls les connaisseurs avertis de la chanson connaissaient d\u00e9j\u00e0 le nom de Jacques Brel.&nbsp;<\/p><\/blockquote><\/figure>\n\n\n\n<h4 class=\"wp-block-heading\"><strong>Une nouvelle patrie artistique<\/strong><\/h4>\n\n\n\n<p>La ville de Paris, qui deviendra un jour la patrie artistique de Jacques Brel, lui semble d&rsquo;abord totalement \u00e9trang\u00e8re : plus tard, Brel dira r\u00e9trospectivement qu&rsquo;il a fait ses d\u00e9buts \u00e0 Paris pendant cinq ans. Le succ\u00e8s esp\u00e9r\u00e9 comme chansonnier n&rsquo;est pas venu pendant longtemps, il a d\u00fb accepter des insultes, on lui a m\u00eame conseill\u00e9 de ne pas monter sur sc\u00e8ne et d&rsquo;\u00e9crire de la musique pour d&rsquo;autres interpr\u00e8tes. Jacques Brel a transpos\u00e9 la frustration qu&rsquo;il ressentait \u00e0 cette \u00e9poque dans diff\u00e9rentes chansons.<br>Le directeur artistique de Philips permit \u00e0 Jacques Brel de faire ses premi\u00e8res apparitions dans des th\u00e9\u00e2tres parisiens et aida Brel \u00e0 s&rsquo;implanter \u00e0 Paris. En 1954, peu remarqu\u00e9, il se produisit un soir en avant-programme de l&rsquo;Olympia. Mais il lui faudra encore attendre quelques ann\u00e9es avant de pouvoir f\u00eater son grand succ\u00e8s \u00e0 l&rsquo;Olympia. Seuls les connaisseurs avertis de la chanson connaissaient d\u00e9j\u00e0 le nom de Jacques Brel.&nbsp;<\/p>\n\n\n\n<h4 class=\"wp-block-heading\"><strong>Premi\u00e8re tourn\u00e9e<\/strong><\/h4>\n\n\n\n<p>En \u00e9t\u00e9 1954, Jacques Brel entame sa premi\u00e8re tourn\u00e9e : elle le m\u00e8ne sur diff\u00e9rentes sc\u00e8nes de province fran\u00e7aises, mais aussi dans sa Belgique natale et en Afrique du Nord.<br>Chaque fois qu&rsquo;il descendait de la voiture de tourn\u00e9e avec ses musiciens, les organisateurs s&rsquo;\u00e9tonnaient : dans les bagages, il n&rsquo;y avait pas un seul micro, pas un seul syst\u00e8me d&rsquo;\u00e9clairage et pas un seul amplificateur. M\u00eame \u00e0 l&rsquo;\u00e9poque, il \u00e9tait extr\u00eamement inhabituel de renoncer \u00e0 ces moyens techniques. Pour Jacques Brel, il n&rsquo;\u00e9tait que tr\u00e8s rarement question d&rsquo;utiliser des microphones ou des amplificateurs : Il voulait que ses chansons parviennent au public de mani\u00e8re authentique et sinc\u00e8re, sans technique interm\u00e9diaire.&nbsp;<\/p>\n\n\n\n<h4 class=\"wp-block-heading\"><strong>Pr\u00e9sence sur sc\u00e8ne<\/strong><\/h4>\n\n\n\n<p>Jacques Brel a d\u00e9couvert qu&rsquo;il aimait faire des tourn\u00e9es pour la vie : A partir du milieu des ann\u00e9es cinquante, Brel entreprit r\u00e9guli\u00e8rement des tourn\u00e9es qui le conduisirent principalement dans la partie francophone du monde.<br>La pr\u00e9sence sc\u00e9nique de Brel \u00e9tait tout sauf conventionnelle pour l&rsquo;\u00e9poque : il consid\u00e9rait chaque repr\u00e9sentation comme une pi\u00e8ce de th\u00e9\u00e2tre et s&rsquo;en tenait \u00e0 une forme fixe de ses spectacles avec un d\u00e9but, un climax et une fin. C&rsquo;est pourquoi il ne donnait jamais de rappel, peu importe la force avec laquelle le public pi\u00e9tinait le sol : le spectacle \u00e9tait termin\u00e9 lorsque Brel avait pris cette d\u00e9cision d&rsquo;un point de vue dramaturgique.&nbsp;<\/p>\n\n\n\n<p>La chanson <em>Quand on n&rsquo;a que l&rsquo;amour<\/em> a \u00e9t\u00e9 le premier grand succ\u00e8s discographique de Jacques Brel en 1956 : ce succ\u00e8s a incit\u00e9 de nombreux chanteurs de chanson fran\u00e7aise \u00e0 reprendre la chanson. Comme pour de nombreuses chansons de Brel, il existe d&rsquo;innombrables reprises de cette chanson. Beaucoup de ses chansons les plus connues ont \u00e9t\u00e9 \u00e9crites \u00e0 cette \u00e9poque dans des chambres d&rsquo;h\u00f4tel : Parmi ces chansons, il y avait <em>Amsterdam<\/em>, <em>Mathilde<\/em> ou <em>Ces gens-l\u00e0<\/em>. Entre ses concerts \u2013 il en donnait parfois pr\u00e8s de trois cents par an \u2013 il avait toujours des phases cr\u00e9atives qu&rsquo;il utilisait pour \u00e9crire des chansons.&nbsp;<\/p>\n\n\n\n<figure class=\"wp-block-pullquote\"><blockquote><p>La pr\u00e9sence sc\u00e9nique unique de Brel et son interpr\u00e9tation d&rsquo;une chanson po\u00e9tique interdisent toute comparaison.&nbsp;<\/p><\/blockquote><\/figure>\n\n\n\n<h4 class=\"wp-block-heading\"><strong>Le mythe Jacques Brel<\/strong><\/h4>\n\n\n\n<p>\u00c0 la fin des ann\u00e9es 50, Jacques Brel \u00e9tait l&rsquo;un des artistes de la chanson fran\u00e7aise les plus demand\u00e9s : ses innombrables concerts ont consid\u00e9rablement stimul\u00e9 les ventes de ses disques.<br>En 1961, une chance unique s&rsquo;offre \u00e0 Jacques Brel : il remplace Marl\u00e8ne Dietrich et donne une soir\u00e9e \u00e0 l&rsquo;Olympia de Paris. C&rsquo;est l\u00e0, o\u00f9 quelques ann\u00e9es plus t\u00f4t, il avait presque disparu en avant-programme, qu&rsquo;il f\u00eata l&rsquo;un des plus grands succ\u00e8s de sa carri\u00e8re. Jacques Brel faisait d\u00e9sormais partie des grands de la chanson fran\u00e7aise et \u00e9tait compar\u00e9 \u00e0 Charles Aznavour, Yves Montand ou Gilbert B\u00e9caud. Mais la pr\u00e9sence sc\u00e9nique unique de Brel et son interpr\u00e9tation d&rsquo;une chanson po\u00e9tique interdisent toute comparaison.&nbsp;<\/p>\n\n\n\n<p>Entre-temps, Jacques Brel \u00e9tait devenu plus qu&rsquo;un simple chanteur de chansons : il n&rsquo;\u00e9tait pas seulement devenu une figure embl\u00e9matique de la culture francophone, un mythe s&rsquo;\u00e9tait cr\u00e9\u00e9 autour de sa personne et de son art.<br>Apr\u00e8s avoir effectu\u00e9 des tourn\u00e9es en Union sovi\u00e9tique, aux \u00c9tats-Unis et au Canada, Jacques Brel est devenu un ph\u00e9nom\u00e8ne mondial. M\u00eame les personnes qui ne comprenaient pas un seul mot de fran\u00e7ais se sentaient envo\u00fbt\u00e9es par la musique de Jacques Brel.<br>Au milieu des ann\u00e9es soixante, Jacques Brel \u00e9tait au sommet de sa gloire : pour lui, c&rsquo;\u00e9tait exactement le bon moment pour quitter la sc\u00e8ne.&nbsp;<\/p>\n\n\n\n<h4 class=\"wp-block-heading\"><strong>\u00bb Vendeur de chansons \u00ab ? Pas avec Jacques Brel<\/strong><\/h4>\n\n\n\n<p>Finir comme \u00bb vendeur de chansons \u00ab \u00e9tait la derni\u00e8re chose que Jacques Brel voulait : en 1967, Jacques Brel a chant\u00e9 pour la derni\u00e8re fois de sa vie les chansons de son vaste r\u00e9pertoire sur une sc\u00e8ne. Au d\u00e9but des ann\u00e9es 70, Jaques Brel se consacra \u00e0 l&rsquo;aviation : au cours des ann\u00e9es 70, Brel traversa plusieurs fois l&rsquo;Atlantique. Entre-temps, Brel s&rsquo;est lass\u00e9 de la vie bien r\u00e9gl\u00e9e de la soci\u00e9t\u00e9 et s&rsquo;est retir\u00e9 de la vie publique : il s&rsquo;est install\u00e9 sur l&rsquo;\u00eele de Hiva Oa dans le sud-est de l&rsquo;oc\u00e9an Pacifique et y a pass\u00e9 la fin de sa vie. C&rsquo;est l\u00e0 qu&rsquo;il a trouv\u00e9, pour la derni\u00e8re fois de sa vie, l&rsquo;\u00e9nergie et la cr\u00e9ativit\u00e9 n\u00e9cessaires pour \u00e9crire des chansons : Pour enregistrer les chansons qu&rsquo;il avait compos\u00e9es dans l&rsquo;isolement de Hiva Oa, il est retourn\u00e9 \u00e0 Paris en ao\u00fbt 1977.&nbsp;<\/p>\n\n\n\n<h4 class=\"wp-block-heading\"><strong>Souvent copi\u00e9, jamais \u00e9gal\u00e9<\/strong><\/h4>\n\n\n\n<p>Moins d&rsquo;un an apr\u00e8s l&rsquo;enregistrement de son dernier disque, Jacques Brel est d\u00e9c\u00e9d\u00e9 le 9 octobre 1978. Sa tombe se trouve \u00e0 Hiva Oa, non loin du tombeau du peintre Paul Gauguin, qui avait \u00e9galement pass\u00e9 la fin de sa vie sur l&rsquo;\u00eele.<br>Souvent copi\u00e9, jamais \u00e9gal\u00e9 : ce proverbe s&rsquo;applique parfaitement \u00e0 Jacques Brel. Au cours de sa carri\u00e8re, il n&rsquo;a presque interpr\u00e9t\u00e9 que ses propres chansons : Pour l&rsquo;accompagnement musical de ses chansons, il comptait sur les compositeurs qui compl\u00e9taient ses chansons avec la musique. La collaboration avec les compositeurs fran\u00e7ais Fran\u00e7ois Rauber et G\u00e9rard Jouannest a \u00e9t\u00e9 d\u00e9terminante pour le style de chansons de Brel.&nbsp;<\/p>\n\n\n\n<p>Jacques Brel : ce nom est notamment synonyme d&rsquo;une \u00e9tincelle \u00e9motionnelle qui passe du chanteur au public et atteint ce dernier m\u00eame s&rsquo;il ne conna\u00eet pas un mot de fran\u00e7ais. Cette \u00e9tincelle est rest\u00e9e intacte jusqu&rsquo;\u00e0 aujourd&rsquo;hui.<\/p>\n\n\n\n<p><a href=\"https:\/\/simonvonludwig.com\" target=\"_blank\" rel=\"noreferrer noopener\">Simon von Ludwig<\/a><\/p>\n\n\n\n<figure class=\"wp-block-pullquote\"><blockquote><p><a href=\"https:\/\/der-bussard.de\/fr\/\" target=\"_blank\" rel=\"noreferrer noopener\">Chanson chez Der Bussard<\/a><\/p><\/blockquote><\/figure>\n\n\n\n<p><em>Source: Todd, Olivier: \u00bb Jacques Brel une vie \u00ab, Editions Robert Laffont, Paris 1984<\/em><\/p>\n\n\n\n<p><em>Image d&rsquo;article : Jacques Brel 1962<\/em><br><em>Cr\u00e9dit photo : Fotograaf Nijs, Jac. de \/ Anefo, <a href=\"http:\/\/hdl.handle.net\/10648\/a9fe964a-d0b4-102d-bcf8-003048976d84\" target=\"_blank\" rel=\"noreferrer noopener\">Nationaal Archief, CC0<\/a><\/em><\/p>\n","protected":false},"excerpt":{"rendered":"<p>\u00bb Il n&rsquo;y a rien de plus ennuyeux que de devoir mettre une note sous chaque mot \u00ab, affirmait un jour Jacques Brel. Sa plus &#8230;<\/p>\n","protected":false},"author":1,"featured_media":571,"comment_status":"open","ping_status":"open","sticky":false,"template":"","format":"standard","meta":{"footnotes":""},"categories":[11,10],"tags":[13,18],"class_list":["post-384","post","type-post","status-publish","format-standard","has-post-thumbnail","hentry","category-chanson","category-musique","tag-chanson","tag-musique"],"yoast_head":"<!-- This site is optimized with the Yoast SEO plugin v27.4 - https:\/\/yoast.com\/product\/yoast-seo-wordpress\/ -->\n<title>Jacques Brel : la chanson \u00e9tait sa vocation &#8211; Der Bussard | FR<\/title>\n<meta name=\"robots\" content=\"index, follow, max-snippet:-1, max-image-preview:large, max-video-preview:-1\" \/>\n<link rel=\"canonical\" href=\"https:\/\/der-bussard.de\/fr\/2022\/10\/10\/jacques-brel-la-chanson-etait-sa-vocation\/\" \/>\n<meta property=\"og:locale\" content=\"fr_FR\" \/>\n<meta property=\"og:type\" content=\"article\" \/>\n<meta property=\"og:title\" content=\"Jacques Brel : la chanson \u00e9tait sa vocation &#8211; Der Bussard | FR\" \/>\n<meta property=\"og:description\" content=\"\u00bb Il n&rsquo;y a rien de plus ennuyeux que de devoir mettre une note sous chaque mot \u00ab, affirmait un jour Jacques Brel. Sa plus ...\" \/>\n<meta property=\"og:url\" content=\"https:\/\/der-bussard.de\/fr\/2022\/10\/10\/jacques-brel-la-chanson-etait-sa-vocation\/\" \/>\n<meta property=\"og:site_name\" content=\"Der Bussard | FR\" \/>\n<meta property=\"article:published_time\" content=\"2022-10-10T17:00:00+00:00\" \/>\n<meta property=\"article:modified_time\" content=\"2023-07-27T08:47:14+00:00\" \/>\n<meta property=\"og:image\" content=\"https:\/\/der-bussard.de\/fr\/wp-content\/uploads\/sites\/3\/2022\/10\/NL-HaNA_2.24.01.03_0_913-6743-groot-scaled-e1690447456804.jpg\" \/>\n\t<meta property=\"og:image:width\" content=\"2528\" \/>\n\t<meta property=\"og:image:height\" content=\"1561\" \/>\n\t<meta property=\"og:image:type\" content=\"image\/jpeg\" \/>\n<meta name=\"author\" content=\"Der Bussard\" \/>\n<meta name=\"twitter:card\" content=\"summary_large_image\" \/>\n<meta name=\"twitter:label1\" content=\"\u00c9crit par\" \/>\n\t<meta name=\"twitter:data1\" content=\"Der Bussard\" \/>\n\t<meta name=\"twitter:label2\" content=\"Dur\u00e9e de lecture estim\u00e9e\" \/>\n\t<meta name=\"twitter:data2\" content=\"7 minutes\" \/>\n<script type=\"application\/ld+json\" class=\"yoast-schema-graph\">{\"@context\":\"https:\\\/\\\/schema.org\",\"@graph\":[{\"@type\":\"Article\",\"@id\":\"https:\\\/\\\/der-bussard.de\\\/fr\\\/2022\\\/10\\\/10\\\/jacques-brel-la-chanson-etait-sa-vocation\\\/#article\",\"isPartOf\":{\"@id\":\"https:\\\/\\\/der-bussard.de\\\/fr\\\/2022\\\/10\\\/10\\\/jacques-brel-la-chanson-etait-sa-vocation\\\/\"},\"author\":{\"name\":\"Der Bussard\",\"@id\":\"https:\\\/\\\/der-bussard.de\\\/fr\\\/#\\\/schema\\\/person\\\/c54bad2a3326f772d61db619e4c0772a\"},\"headline\":\"Jacques Brel : la chanson \u00e9tait sa vocation\",\"datePublished\":\"2022-10-10T17:00:00+00:00\",\"dateModified\":\"2023-07-27T08:47:14+00:00\",\"mainEntityOfPage\":{\"@id\":\"https:\\\/\\\/der-bussard.de\\\/fr\\\/2022\\\/10\\\/10\\\/jacques-brel-la-chanson-etait-sa-vocation\\\/\"},\"wordCount\":1471,\"commentCount\":0,\"publisher\":{\"@id\":\"https:\\\/\\\/der-bussard.de\\\/fr\\\/#organization\"},\"image\":{\"@id\":\"https:\\\/\\\/der-bussard.de\\\/fr\\\/2022\\\/10\\\/10\\\/jacques-brel-la-chanson-etait-sa-vocation\\\/#primaryimage\"},\"thumbnailUrl\":\"https:\\\/\\\/der-bussard.de\\\/fr\\\/wp-content\\\/uploads\\\/sites\\\/3\\\/2022\\\/10\\\/NL-HaNA_2.24.01.03_0_913-6743-groot-scaled-e1690447456804.jpg\",\"keywords\":[\"Chanson\",\"Musique\"],\"articleSection\":[\"Chanson\",\"Musique\"],\"inLanguage\":\"fr-FR\",\"potentialAction\":[{\"@type\":\"CommentAction\",\"name\":\"Comment\",\"target\":[\"https:\\\/\\\/der-bussard.de\\\/fr\\\/2022\\\/10\\\/10\\\/jacques-brel-la-chanson-etait-sa-vocation\\\/#respond\"]}]},{\"@type\":\"WebPage\",\"@id\":\"https:\\\/\\\/der-bussard.de\\\/fr\\\/2022\\\/10\\\/10\\\/jacques-brel-la-chanson-etait-sa-vocation\\\/\",\"url\":\"https:\\\/\\\/der-bussard.de\\\/fr\\\/2022\\\/10\\\/10\\\/jacques-brel-la-chanson-etait-sa-vocation\\\/\",\"name\":\"Jacques Brel : la chanson \u00e9tait sa vocation &#8211; Der Bussard | FR\",\"isPartOf\":{\"@id\":\"https:\\\/\\\/der-bussard.de\\\/fr\\\/#website\"},\"primaryImageOfPage\":{\"@id\":\"https:\\\/\\\/der-bussard.de\\\/fr\\\/2022\\\/10\\\/10\\\/jacques-brel-la-chanson-etait-sa-vocation\\\/#primaryimage\"},\"image\":{\"@id\":\"https:\\\/\\\/der-bussard.de\\\/fr\\\/2022\\\/10\\\/10\\\/jacques-brel-la-chanson-etait-sa-vocation\\\/#primaryimage\"},\"thumbnailUrl\":\"https:\\\/\\\/der-bussard.de\\\/fr\\\/wp-content\\\/uploads\\\/sites\\\/3\\\/2022\\\/10\\\/NL-HaNA_2.24.01.03_0_913-6743-groot-scaled-e1690447456804.jpg\",\"datePublished\":\"2022-10-10T17:00:00+00:00\",\"dateModified\":\"2023-07-27T08:47:14+00:00\",\"breadcrumb\":{\"@id\":\"https:\\\/\\\/der-bussard.de\\\/fr\\\/2022\\\/10\\\/10\\\/jacques-brel-la-chanson-etait-sa-vocation\\\/#breadcrumb\"},\"inLanguage\":\"fr-FR\",\"potentialAction\":[{\"@type\":\"ReadAction\",\"target\":[\"https:\\\/\\\/der-bussard.de\\\/fr\\\/2022\\\/10\\\/10\\\/jacques-brel-la-chanson-etait-sa-vocation\\\/\"]}]},{\"@type\":\"ImageObject\",\"inLanguage\":\"fr-FR\",\"@id\":\"https:\\\/\\\/der-bussard.de\\\/fr\\\/2022\\\/10\\\/10\\\/jacques-brel-la-chanson-etait-sa-vocation\\\/#primaryimage\",\"url\":\"https:\\\/\\\/der-bussard.de\\\/fr\\\/wp-content\\\/uploads\\\/sites\\\/3\\\/2022\\\/10\\\/NL-HaNA_2.24.01.03_0_913-6743-groot-scaled-e1690447456804.jpg\",\"contentUrl\":\"https:\\\/\\\/der-bussard.de\\\/fr\\\/wp-content\\\/uploads\\\/sites\\\/3\\\/2022\\\/10\\\/NL-HaNA_2.24.01.03_0_913-6743-groot-scaled-e1690447456804.jpg\",\"width\":2528,\"height\":1561},{\"@type\":\"BreadcrumbList\",\"@id\":\"https:\\\/\\\/der-bussard.de\\\/fr\\\/2022\\\/10\\\/10\\\/jacques-brel-la-chanson-etait-sa-vocation\\\/#breadcrumb\",\"itemListElement\":[{\"@type\":\"ListItem\",\"position\":1,\"name\":\"Page d'accueil\",\"item\":\"https:\\\/\\\/der-bussard.de\\\/fr\\\/\"},{\"@type\":\"ListItem\",\"position\":2,\"name\":\"Jacques Brel : la chanson \u00e9tait sa vocation\"}]},{\"@type\":\"WebSite\",\"@id\":\"https:\\\/\\\/der-bussard.de\\\/fr\\\/#website\",\"url\":\"https:\\\/\\\/der-bussard.de\\\/fr\\\/\",\"name\":\"Der Bussard | FR \u2013 L'oasis de la culture\",\"description\":\"L&#039;oasis de la culture\",\"publisher\":{\"@id\":\"https:\\\/\\\/der-bussard.de\\\/fr\\\/#organization\"},\"alternateName\":\"Der Bussard | FR\",\"potentialAction\":[{\"@type\":\"SearchAction\",\"target\":{\"@type\":\"EntryPoint\",\"urlTemplate\":\"https:\\\/\\\/der-bussard.de\\\/fr\\\/?s={search_term_string}\"},\"query-input\":{\"@type\":\"PropertyValueSpecification\",\"valueRequired\":true,\"valueName\":\"search_term_string\"}}],\"inLanguage\":\"fr-FR\"},{\"@type\":\"Organization\",\"@id\":\"https:\\\/\\\/der-bussard.de\\\/fr\\\/#organization\",\"name\":\"Der Bussard | FR \u2013 L'oasis de la culture\",\"url\":\"https:\\\/\\\/der-bussard.de\\\/fr\\\/\",\"logo\":{\"@type\":\"ImageObject\",\"inLanguage\":\"fr-FR\",\"@id\":\"https:\\\/\\\/der-bussard.de\\\/fr\\\/#\\\/schema\\\/logo\\\/image\\\/\",\"url\":\"https:\\\/\\\/der-bussard.de\\\/fr\\\/wp-content\\\/uploads\\\/sites\\\/3\\\/2021\\\/11\\\/neueslogo-der-bussard.png\",\"contentUrl\":\"https:\\\/\\\/der-bussard.de\\\/fr\\\/wp-content\\\/uploads\\\/sites\\\/3\\\/2021\\\/11\\\/neueslogo-der-bussard.png\",\"width\":2480,\"height\":876,\"caption\":\"Der Bussard | FR \u2013 L'oasis de la culture\"},\"image\":{\"@id\":\"https:\\\/\\\/der-bussard.de\\\/fr\\\/#\\\/schema\\\/logo\\\/image\\\/\"}},{\"@type\":\"Person\",\"@id\":\"https:\\\/\\\/der-bussard.de\\\/fr\\\/#\\\/schema\\\/person\\\/c54bad2a3326f772d61db619e4c0772a\",\"name\":\"Der Bussard\",\"sameAs\":[\"https:\\\/\\\/der-bussard.de\"],\"url\":\"https:\\\/\\\/der-bussard.de\\\/fr\\\/author\\\/tritschler\\\/\"}]}<\/script>\n<!-- \/ Yoast SEO plugin. -->","yoast_head_json":{"title":"Jacques Brel : la chanson \u00e9tait sa vocation &#8211; Der Bussard | FR","robots":{"index":"index","follow":"follow","max-snippet":"max-snippet:-1","max-image-preview":"max-image-preview:large","max-video-preview":"max-video-preview:-1"},"canonical":"https:\/\/der-bussard.de\/fr\/2022\/10\/10\/jacques-brel-la-chanson-etait-sa-vocation\/","og_locale":"fr_FR","og_type":"article","og_title":"Jacques Brel : la chanson \u00e9tait sa vocation &#8211; Der Bussard | FR","og_description":"\u00bb Il n&rsquo;y a rien de plus ennuyeux que de devoir mettre une note sous chaque mot \u00ab, affirmait un jour Jacques Brel. Sa plus ...","og_url":"https:\/\/der-bussard.de\/fr\/2022\/10\/10\/jacques-brel-la-chanson-etait-sa-vocation\/","og_site_name":"Der Bussard | FR","article_published_time":"2022-10-10T17:00:00+00:00","article_modified_time":"2023-07-27T08:47:14+00:00","og_image":[{"width":2528,"height":1561,"url":"https:\/\/der-bussard.de\/fr\/wp-content\/uploads\/sites\/3\/2022\/10\/NL-HaNA_2.24.01.03_0_913-6743-groot-scaled-e1690447456804.jpg","type":"image\/jpeg"}],"author":"Der Bussard","twitter_card":"summary_large_image","twitter_misc":{"\u00c9crit par":"Der Bussard","Dur\u00e9e de lecture estim\u00e9e":"7 minutes"},"schema":{"@context":"https:\/\/schema.org","@graph":[{"@type":"Article","@id":"https:\/\/der-bussard.de\/fr\/2022\/10\/10\/jacques-brel-la-chanson-etait-sa-vocation\/#article","isPartOf":{"@id":"https:\/\/der-bussard.de\/fr\/2022\/10\/10\/jacques-brel-la-chanson-etait-sa-vocation\/"},"author":{"name":"Der Bussard","@id":"https:\/\/der-bussard.de\/fr\/#\/schema\/person\/c54bad2a3326f772d61db619e4c0772a"},"headline":"Jacques Brel : la chanson \u00e9tait sa vocation","datePublished":"2022-10-10T17:00:00+00:00","dateModified":"2023-07-27T08:47:14+00:00","mainEntityOfPage":{"@id":"https:\/\/der-bussard.de\/fr\/2022\/10\/10\/jacques-brel-la-chanson-etait-sa-vocation\/"},"wordCount":1471,"commentCount":0,"publisher":{"@id":"https:\/\/der-bussard.de\/fr\/#organization"},"image":{"@id":"https:\/\/der-bussard.de\/fr\/2022\/10\/10\/jacques-brel-la-chanson-etait-sa-vocation\/#primaryimage"},"thumbnailUrl":"https:\/\/der-bussard.de\/fr\/wp-content\/uploads\/sites\/3\/2022\/10\/NL-HaNA_2.24.01.03_0_913-6743-groot-scaled-e1690447456804.jpg","keywords":["Chanson","Musique"],"articleSection":["Chanson","Musique"],"inLanguage":"fr-FR","potentialAction":[{"@type":"CommentAction","name":"Comment","target":["https:\/\/der-bussard.de\/fr\/2022\/10\/10\/jacques-brel-la-chanson-etait-sa-vocation\/#respond"]}]},{"@type":"WebPage","@id":"https:\/\/der-bussard.de\/fr\/2022\/10\/10\/jacques-brel-la-chanson-etait-sa-vocation\/","url":"https:\/\/der-bussard.de\/fr\/2022\/10\/10\/jacques-brel-la-chanson-etait-sa-vocation\/","name":"Jacques Brel : la chanson \u00e9tait sa vocation &#8211; Der Bussard | FR","isPartOf":{"@id":"https:\/\/der-bussard.de\/fr\/#website"},"primaryImageOfPage":{"@id":"https:\/\/der-bussard.de\/fr\/2022\/10\/10\/jacques-brel-la-chanson-etait-sa-vocation\/#primaryimage"},"image":{"@id":"https:\/\/der-bussard.de\/fr\/2022\/10\/10\/jacques-brel-la-chanson-etait-sa-vocation\/#primaryimage"},"thumbnailUrl":"https:\/\/der-bussard.de\/fr\/wp-content\/uploads\/sites\/3\/2022\/10\/NL-HaNA_2.24.01.03_0_913-6743-groot-scaled-e1690447456804.jpg","datePublished":"2022-10-10T17:00:00+00:00","dateModified":"2023-07-27T08:47:14+00:00","breadcrumb":{"@id":"https:\/\/der-bussard.de\/fr\/2022\/10\/10\/jacques-brel-la-chanson-etait-sa-vocation\/#breadcrumb"},"inLanguage":"fr-FR","potentialAction":[{"@type":"ReadAction","target":["https:\/\/der-bussard.de\/fr\/2022\/10\/10\/jacques-brel-la-chanson-etait-sa-vocation\/"]}]},{"@type":"ImageObject","inLanguage":"fr-FR","@id":"https:\/\/der-bussard.de\/fr\/2022\/10\/10\/jacques-brel-la-chanson-etait-sa-vocation\/#primaryimage","url":"https:\/\/der-bussard.de\/fr\/wp-content\/uploads\/sites\/3\/2022\/10\/NL-HaNA_2.24.01.03_0_913-6743-groot-scaled-e1690447456804.jpg","contentUrl":"https:\/\/der-bussard.de\/fr\/wp-content\/uploads\/sites\/3\/2022\/10\/NL-HaNA_2.24.01.03_0_913-6743-groot-scaled-e1690447456804.jpg","width":2528,"height":1561},{"@type":"BreadcrumbList","@id":"https:\/\/der-bussard.de\/fr\/2022\/10\/10\/jacques-brel-la-chanson-etait-sa-vocation\/#breadcrumb","itemListElement":[{"@type":"ListItem","position":1,"name":"Page d'accueil","item":"https:\/\/der-bussard.de\/fr\/"},{"@type":"ListItem","position":2,"name":"Jacques Brel : la chanson \u00e9tait sa vocation"}]},{"@type":"WebSite","@id":"https:\/\/der-bussard.de\/fr\/#website","url":"https:\/\/der-bussard.de\/fr\/","name":"Der Bussard | FR \u2013 L'oasis de la culture","description":"L&#039;oasis de la culture","publisher":{"@id":"https:\/\/der-bussard.de\/fr\/#organization"},"alternateName":"Der Bussard | FR","potentialAction":[{"@type":"SearchAction","target":{"@type":"EntryPoint","urlTemplate":"https:\/\/der-bussard.de\/fr\/?s={search_term_string}"},"query-input":{"@type":"PropertyValueSpecification","valueRequired":true,"valueName":"search_term_string"}}],"inLanguage":"fr-FR"},{"@type":"Organization","@id":"https:\/\/der-bussard.de\/fr\/#organization","name":"Der Bussard | FR \u2013 L'oasis de la culture","url":"https:\/\/der-bussard.de\/fr\/","logo":{"@type":"ImageObject","inLanguage":"fr-FR","@id":"https:\/\/der-bussard.de\/fr\/#\/schema\/logo\/image\/","url":"https:\/\/der-bussard.de\/fr\/wp-content\/uploads\/sites\/3\/2021\/11\/neueslogo-der-bussard.png","contentUrl":"https:\/\/der-bussard.de\/fr\/wp-content\/uploads\/sites\/3\/2021\/11\/neueslogo-der-bussard.png","width":2480,"height":876,"caption":"Der Bussard | FR \u2013 L'oasis de la culture"},"image":{"@id":"https:\/\/der-bussard.de\/fr\/#\/schema\/logo\/image\/"}},{"@type":"Person","@id":"https:\/\/der-bussard.de\/fr\/#\/schema\/person\/c54bad2a3326f772d61db619e4c0772a","name":"Der Bussard","sameAs":["https:\/\/der-bussard.de"],"url":"https:\/\/der-bussard.de\/fr\/author\/tritschler\/"}]}},"_links":{"self":[{"href":"https:\/\/der-bussard.de\/fr\/wp-json\/wp\/v2\/posts\/384","targetHints":{"allow":["GET"]}}],"collection":[{"href":"https:\/\/der-bussard.de\/fr\/wp-json\/wp\/v2\/posts"}],"about":[{"href":"https:\/\/der-bussard.de\/fr\/wp-json\/wp\/v2\/types\/post"}],"author":[{"embeddable":true,"href":"https:\/\/der-bussard.de\/fr\/wp-json\/wp\/v2\/users\/1"}],"replies":[{"embeddable":true,"href":"https:\/\/der-bussard.de\/fr\/wp-json\/wp\/v2\/comments?post=384"}],"version-history":[{"count":2,"href":"https:\/\/der-bussard.de\/fr\/wp-json\/wp\/v2\/posts\/384\/revisions"}],"predecessor-version":[{"id":572,"href":"https:\/\/der-bussard.de\/fr\/wp-json\/wp\/v2\/posts\/384\/revisions\/572"}],"wp:featuredmedia":[{"embeddable":true,"href":"https:\/\/der-bussard.de\/fr\/wp-json\/wp\/v2\/media\/571"}],"wp:attachment":[{"href":"https:\/\/der-bussard.de\/fr\/wp-json\/wp\/v2\/media?parent=384"}],"wp:term":[{"taxonomy":"category","embeddable":true,"href":"https:\/\/der-bussard.de\/fr\/wp-json\/wp\/v2\/categories?post=384"},{"taxonomy":"post_tag","embeddable":true,"href":"https:\/\/der-bussard.de\/fr\/wp-json\/wp\/v2\/tags?post=384"}],"curies":[{"name":"wp","href":"https:\/\/api.w.org\/{rel}","templated":true}]}}