{"id":2037,"date":"2023-05-02T14:00:00","date_gmt":"2023-05-02T12:00:00","guid":{"rendered":"https:\/\/der-bussard.de\/en\/?p=2037"},"modified":"2023-05-01T21:37:40","modified_gmt":"2023-05-01T19:37:40","slug":"max-lichtegg-the-universal-tenor-3","status":"publish","type":"post","link":"https:\/\/der-bussard.de\/en\/2023\/05\/02\/max-lichtegg-the-universal-tenor-3\/","title":{"rendered":"Max Lichtegg: The Universal Tenor (3.)"},"content":{"rendered":"\n<h3 class=\"wp-block-heading\">Continued from <a href=\"https:\/\/der-bussard.de\/en\/2023\/04\/29\/max-lichtegg-the-ambassador-of-music-2\/\">part two<\/a><\/h3>\n\n\n\n<p class=\"has-drop-cap\">In 1949 Max Lichtegg celebrated a kind of &#8220;return to Vienna&#8221; \u2013 to the city where his musical career had begun. Lichtegg gained a reputation as an accomplished operatic tenor in various roles, including Rossini&#8217;s Barber of Seville or Bizet&#8217;s Carmen. The tenor was given a holiday from the operetta genre \u2013 unfortunately it did not come to a permanent contractual relationship with the Vienna State Opera that went beyond guest performances.<br>With time, the engagement in Zurich also proved problematic, so it was regrettable that Lichtegg could not enter into a firm commitment with the Vienna State Opera.<br>In the fifties, there were various requests from all over the world for engagements \u2013 the agent William Stein repeatedly gave Lichtegg hope for an American breakthrough. After numerous disillusionments, however, Lichtegg no longer expected such a breakthrough to happen.&nbsp;<\/p>\n\n\n\n<h4 class=\"wp-block-heading\"><strong>Great notoriety<\/strong><\/h4>\n\n\n\n<p>Apart from that, foreign successes were anything but well received at his home theatre in Zurich: Not least because of this, a separation from the Zurich City Theatre was on the horizon. In addition, Lichtegg&#8217;s fees were almost ridiculously low compared to those of other opera and operetta stars. Even Maria Callas later said in an interview that she had a certain fortune, but would by no means call herself rich \u2013 how must Lichtegg have felt? The fact that Lichtegg stayed in Zurich despite these financial circumstances is further proof that for Max Lichtegg, it was all about art. For the time being, Zurich was the best way to fulfil the artistic demands he placed on himself and his art.<br>From the 1951\/1952 season onwards, Lichtegg only signed six-month guest contracts with Zurich: the tenor saw this as preparation for other, international engagements.<br>In the meantime, his fame in Switzerland had reached gigantic proportions \u2013 by Swiss standards: if a fashion show was being held by a renowned Swiss fashion manufacturer, it was customary to invite Max Lichtegg to provide the musical background for the evening.&nbsp;<br>At a time when fashion shows were the only source of information for people interested in fashion, such a show had an important status.&nbsp;<\/p>\n\n\n\n<figure class=\"wp-block-image size-large\"><img fetchpriority=\"high\" decoding=\"async\" width=\"755\" height=\"1024\" src=\"https:\/\/der-bussard.de\/en\/wp-content\/uploads\/sites\/2\/2023\/05\/Paganini-1953-755x1024.jpg\" alt=\"\" class=\"wp-image-2039\" srcset=\"https:\/\/der-bussard.de\/en\/wp-content\/uploads\/sites\/2\/2023\/05\/Paganini-1953-755x1024.jpg 755w, https:\/\/der-bussard.de\/en\/wp-content\/uploads\/sites\/2\/2023\/05\/Paganini-1953-221x300.jpg 221w, https:\/\/der-bussard.de\/en\/wp-content\/uploads\/sites\/2\/2023\/05\/Paganini-1953-768x1042.jpg 768w, https:\/\/der-bussard.de\/en\/wp-content\/uploads\/sites\/2\/2023\/05\/Paganini-1953-1132x1536.jpg 1132w, https:\/\/der-bussard.de\/en\/wp-content\/uploads\/sites\/2\/2023\/05\/Paganini-1953-1510x2048.jpg 1510w, https:\/\/der-bussard.de\/en\/wp-content\/uploads\/sites\/2\/2023\/05\/Paganini-1953-scaled.jpg 1887w\" sizes=\"(max-width: 755px) 100vw, 755px\" \/><figcaption class=\"wp-element-caption\">Max Lichtegg 1953 in the role of Paganini in the opera of the same name by Franz Leh\u00e1r, by courtesy of <a href=\"http:\/\/www.maxlichtegg.ch\/#!\/page_home\" target=\"_blank\" rel=\"noreferrer noopener\">Herrn Alfred Fassbind.<\/a><\/figcaption><\/figure>\n\n\n\n<h4 class=\"wp-block-heading\"><strong>&#8220;Artistically completely switched off&#8221;<\/strong><\/h4>\n\n\n\n<p>By the end of January 1953, it was enough: Max Lichtegg noted in his diary, &#8220;Artistically completely switched off \u2013 no more good roles.&#8221; The end of his engagement in Zurich was looming. Would the end of his Zurich commitments mean a springboard into the big, wide world?<br>The conductor Otto Ackermann had meanwhile become a constant companion of Max Lichtegg: Already during Lichtegg&#8217;s time in Bern, Ackermann stood by him in an advisory capacity. The two worked together during an engagement for the Op\u00e9ra de Monte Carlo at the end of February 1953 in Carl Maria von Weber&#8217;s <em>Freisch\u00fctz<\/em>. It was not to be the last time Max Lichtegg would perform in Monte Carlo. Two years later, Lichtegg appeared again in Monte Carlo, this time in <em>Boris Godunov <\/em>(Mussorgsky). The opera house of the small, but prestigious principality of Monaco seemed an ideal place for the tenor Max Lichtegg to demonstrate his vocal abilities.&nbsp;<\/p>\n\n\n\n<figure class=\"wp-block-pullquote\"><blockquote><p>The concert tours were a welcome opportunity for Lichtegg to showcase all aspects of his repertoire, which included operas, operettas and Lieder.&nbsp;<\/p><\/blockquote><\/figure>\n\n\n\n<h4 class=\"wp-block-heading\"><strong>New opportunities<\/strong><\/h4>\n\n\n\n<p>In mid-1954 Max Lichtegg finally terminated his contract with the Zurich City Theatre: for the singer it was the end of an era, which at the same time offered numerous opportunities.<br>One such new opportunity opened up immediately in Max Lichtegg&#8217;s career:<br>The agent Eynar Grabowsky initiated a new phase in Max Lichtegg&#8217;s career in 1956. Grabowsky organised a tour for Lichtegg with 34 concerts throughout Switzerland \u2013 the tour was a great success and raised the tenor&#8217;s profile. Grabowsky was to actively support the tenor as manager in the years to come.<br>Further concert tours in Switzerland and abroad were scheduled for the next few years: The concert tours were a welcome opportunity for Lichtegg to showcase all aspects of his repertoire, which included operas, operettas and Lieder.&nbsp;<\/p>\n\n\n\n<h4 class=\"wp-block-heading\"><strong>Max Lichtegg and the operetta<\/strong><\/h4>\n\n\n\n<p>On the occasion of a performance of the Leh\u00e1r operetta Land des L\u00e4chelns in 1961 at the Kongresshausb\u00fchne Zurich, Max Lichtegg made the following statement: <\/p>\n\n\n\n<blockquote class=\"wp-block-quote is-layout-flow wp-block-quote-is-layout-flow\">\n<p>&#8220;Why do I like to sing Leh\u00e1r? The art of composing for the human voice is increasingly on the wane. (&#8230;) Franz Leh\u00e1r knew the conduct of the human voice and thus also the effect of vocal expression. (&#8230;) He was the \u2018singers\u2019 composer\u2018. (&#8230;) Through Leh\u00e1r, the singer finds in operetta the identity of the singer: the opportunity \u2018sing beautifully\u2018, or as the old term \u2018bel canto\u2018, unfortunately often abused and forgotten in its true meaning, puts it. And that is why, as long as there will be vocal art, there will certainly be Franz Leh\u00e1r.&#8221; <\/p>\n<cite><sub>Fassbind, Alfred A.:\u00a0Max Lichtegg \u2013 Nur der Musik verpflichtet [Only Committed to Music], 2016 R\u00f6merhof publishing house Zurich, p. 391f. (Translated from German)<\/sub><\/cite><\/blockquote>\n\n\n\n<p> This statement shows Max Lichtegg&#8217;s relationship to operetta: It was a response to those critics who wanted to degrade him to an &#8220;operetta tenor\u201c \u2013 yet operetta is no less a component of bel canto in its modern form.&nbsp;<\/p>\n\n\n\n<figure class=\"wp-block-image size-large\"><img decoding=\"async\" width=\"757\" height=\"1024\" src=\"https:\/\/der-bussard.de\/en\/wp-content\/uploads\/sites\/2\/2023\/05\/Portrait-1960er-757x1024.jpg\" alt=\"\" class=\"wp-image-2038\" srcset=\"https:\/\/der-bussard.de\/en\/wp-content\/uploads\/sites\/2\/2023\/05\/Portrait-1960er-757x1024.jpg 757w, https:\/\/der-bussard.de\/en\/wp-content\/uploads\/sites\/2\/2023\/05\/Portrait-1960er-222x300.jpg 222w, https:\/\/der-bussard.de\/en\/wp-content\/uploads\/sites\/2\/2023\/05\/Portrait-1960er-768x1038.jpg 768w, https:\/\/der-bussard.de\/en\/wp-content\/uploads\/sites\/2\/2023\/05\/Portrait-1960er-1136x1536.jpg 1136w, https:\/\/der-bussard.de\/en\/wp-content\/uploads\/sites\/2\/2023\/05\/Portrait-1960er-1515x2048.jpg 1515w, https:\/\/der-bussard.de\/en\/wp-content\/uploads\/sites\/2\/2023\/05\/Portrait-1960er-scaled.jpg 1893w\" sizes=\"(max-width: 757px) 100vw, 757px\" \/><figcaption class=\"wp-element-caption\">A portrait of Max Lichtegg in the 1960s, by courtesy of <a href=\"http:\/\/www.maxlichtegg.ch\/#!\/page_home\" target=\"_blank\" rel=\"noreferrer noopener\">Alfred Fassbind<\/a><\/figcaption><\/figure>\n\n\n\n<h4 class=\"wp-block-heading\"><strong>The modern bel canto<\/strong><\/h4>\n\n\n\n<p>However, bel canto in its modern form was far from being recognised at the time: Max Lichtegg addresses the aspect of &#8220;singing beautifully&#8221; \u2013 many of his listeners appreciated precisely that aspect of his singing style. Many singers and experts committed to bel canto saw things quite differently from Max Lichtegg at the time: bel canto did not mean &#8220;singing beautifully&#8221; alone, Maria Callas once told her students at the Juilliard School in the seventies. Bel canto is much more about the vocal requirements of the composers of the bel canto style, the opera diva said. It is not necessarily about singing beautifully \u2013 if the scene requires it, one must even be prepared to sing harshly and in a shrill tone. After all, opera is a play. This was the opinion of Callas and possibly other influential experts of the time.&nbsp;<\/p>\n\n\n\n<h4 class=\"wp-block-heading\"><strong>Ahead of his time<\/strong><\/h4>\n\n\n\n<p>The tenor Max Lichtegg was thus the representative of a type of singer who was little represented on the international stage at the time. The art of &#8220;singing beautifully&#8221;, as Max Lichtegg perfectly mastered it, was in demand by the public, but the time was not yet ripe for this kind of singer, so to speak. At that time, other standards applied and many experts would not have counted operetta as bel canto even in a nightmare: This is precisely what became Max Lichtegg&#8217;s undoing throughout his career. The time was not yet ripe for the universal approach to the art of singing that Lichtegg aspired to.<br>Max Lichtegg was a kind of universal tenor: moreover, he was not afraid to revive works by composers who had already fallen into oblivion. Thus Max Lichtegg was not only a preserver of the art of bel canto, but also a pioneer of &#8220;modern bel canto&#8221;.&nbsp;<\/p>\n\n\n\n<p><a href=\"https:\/\/simonvonludwig.com\" target=\"_blank\" rel=\"noreferrer noopener\">Simon von Ludwig<\/a><\/p>\n\n\n\n<hr class=\"wp-block-separator has-alpha-channel-opacity is-style-dots\"\/>\n\n\n\n<p><em>Der Bussard expresses its gratitude to Mr Alfred Fassbind from R\u00fcti near Zurich, author of the Max Lichtegg biography, for his cooperation.<br>The standard biographical work on Max Lichtegg written by Mr Fassbind, published in 2016 by R\u00f6merhof Verlag (Zurich), was kindly provided to Der Bussard. The biography served as the main source for the article.<\/em><\/p>\n\n\n\n<p><em>Publication information: Fassbind, Alfred A.:&nbsp;Max Lichtegg \u2013 Nur der Musik verpflichtet [Only Committed to Music<\/em>]<em>, 2016 R\u00f6merhof publishing house Zurich<\/em><\/p>\n\n\n\n<p><em>Cover picture: Max Lichtegg with <a href=\"https:\/\/der-bussard.de\/en\/2020\/10\/16\/dagmar-koller-from-musical-star-to-first-lady\/\" target=\"_blank\" rel=\"noreferrer noopener\">Dagmar Koller<\/a> on television in 1970. By courtesy of&nbsp;<a href=\"http:\/\/www.maxlichtegg.ch\/#!\/page_home\" target=\"_blank\" rel=\"noreferrer noopener\">Alfred Fassbind<\/a>.<\/em><\/p>\n\n\n\n<hr class=\"wp-block-separator has-alpha-channel-opacity is-style-dots\"\/>\n\n\n\n<h3 class=\"wp-block-heading\">Article series on Max Lichtegg<\/h3>\n\n\n<div class=\"n2-section-smartslider fitvidsignore  n2_clear\" data-ssid=\"30\"><div id=\"n2-ss-30-align\" class=\"n2-ss-align\"><div class=\"n2-padding\"><div id=\"n2-ss-30\" data-creator=\"Smart Slider 3\" data-responsive=\"auto\" class=\"n2-ss-slider n2-ow n2-has-hover n2notransition  \">\n\n\n\n<div class=\"n2-ss-slider-wrapper-inside\">\n        <div class=\"n2-ss-slider-1 n2_ss__touch_element n2-ow\">\n            <div class=\"n2-ss-slider-2 n2-ow\">\n                                                <div class=\"n2-ss-slider-3 n2-ow\">\n\n                    <div class=\"n2-ss-slide-backgrounds n2-ow-all\"><div class=\"n2-ss-slide-background\" data-public-id=\"1\" data-mode=\"fill\"><div class=\"n2-ss-slide-background-image\" data-blur=\"0\" data-opacity=\"100\" data-x=\"50\" data-y=\"50\" data-alt=\"\" data-title=\"\"><picture class=\"skip-lazy\" data-skip-lazy=\"1\"><img decoding=\"async\" src=\"https:\/\/der-bussard.de\/en\/wp-content\/uploads\/sites\/2\/2023\/04\/Wien-1935-e1682270137239.jpg\" alt=\"\" title=\"\" loading=\"lazy\" class=\"skip-lazy\" data-skip-lazy=\"1\"><\/picture><\/div><div data-color=\"RGBA(255,255,255,0)\" style=\"background-color: RGBA(255,255,255,0);\" class=\"n2-ss-slide-background-color\"><\/div><\/div><div class=\"n2-ss-slide-background\" data-public-id=\"2\" data-mode=\"fill\" aria-hidden=\"true\"><div class=\"n2-ss-slide-background-image\" data-blur=\"0\" data-opacity=\"100\" data-x=\"50\" data-y=\"50\" data-alt=\"\" data-title=\"\"><picture class=\"skip-lazy\" data-skip-lazy=\"1\"><img decoding=\"async\" src=\"https:\/\/der-bussard.de\/en\/wp-content\/uploads\/sites\/2\/2023\/04\/Zauberflite-ZH-1947-e1682700489237.jpg\" alt=\"\" title=\"\" loading=\"lazy\" class=\"skip-lazy\" data-skip-lazy=\"1\"><\/picture><\/div><div data-color=\"RGBA(255,255,255,0)\" style=\"background-color: RGBA(255,255,255,0);\" class=\"n2-ss-slide-background-color\"><\/div><\/div><div class=\"n2-ss-slide-background\" data-public-id=\"3\" data-mode=\"fill\" aria-hidden=\"true\"><div class=\"n2-ss-slide-background-image\" data-blur=\"0\" data-opacity=\"100\" data-x=\"50\" data-y=\"50\" data-alt=\"\" data-title=\"\"><picture class=\"skip-lazy\" data-skip-lazy=\"1\"><img decoding=\"async\" src=\"https:\/\/der-bussard.de\/en\/wp-content\/uploads\/sites\/2\/2023\/05\/mit-Dagmar-Koller-Fernsehen-1970-scaled-e1682950326453.jpg\" alt=\"\" title=\"\" loading=\"lazy\" class=\"skip-lazy\" data-skip-lazy=\"1\"><\/picture><\/div><div data-color=\"RGBA(255,255,255,0)\" style=\"background-color: RGBA(255,255,255,0);\" class=\"n2-ss-slide-background-color\"><\/div><\/div><\/div>                    <div class=\"n2-ss-slider-4 n2-ow\">\n                        <svg xmlns=\"http:\/\/www.w3.org\/2000\/svg\" viewBox=\"0 0 1200 600\" data-related-device=\"desktopPortrait\" class=\"n2-ow n2-ss-preserve-size n2-ss-preserve-size--slider n2-ss-slide-limiter\"><\/svg><div data-first=\"1\" data-slide-duration=\"0\" data-id=\"31\" data-slide-public-id=\"1\" data-title=\"Max Lichtegg: The Charmingboy (1.)\" data-haslink=\"1\" data-href=\"https:\/\/der-bussard.de\/en\/2023\/04\/26\/max-lichtegg-the-charmingboy-1\/\" tabindex=\"0\" role=\"button\" data-n2click=\"url\" data-force-pointer=\"\" class=\"n2-ss-slide n2-ow  n2-ss-slide-31\"><div role=\"note\" class=\"n2-ss-slide--focus\">Max Lichtegg: The Charmingboy (1.)<\/div><div class=\"n2-ss-layers-container n2-ss-slide-limiter n2-ow\"><div class=\"n2-ss-layer n2-ow n-uc-7b6rgySLQETr\" data-sstype=\"slide\" data-pm=\"default\"><div class=\"n2-ss-layer n2-ow n-uc-o79CV8scalHQ\" data-pm=\"default\" data-sstype=\"content\" data-hasbackground=\"0\"><div class=\"n2-ss-section-main-content n2-ss-layer-with-background n2-ss-layer-content n2-ow n-uc-o79CV8scalHQ-inner\"><div class=\"n2-ss-layer n2-ow n2-ss-layer--block n2-ss-has-self-align n-uc-qvKTeR9psVGE\" data-pm=\"normal\" data-animv2=\"{&quot;basic&quot;:{&quot;in&quot;:{&quot;type&quot;:&quot;basic&quot;,&quot;name&quot;:&quot;Top fade&quot;,&quot;keyFrames&quot;:[{&quot;duration&quot;:1,&quot;opacity&quot;:0,&quot;y&quot;:400}]}}}\" data-sstype=\"row\"><div class=\"n2-ss-layer-row n2-ss-layer-with-background n-uc-qvKTeR9psVGE-inner\"><div class=\"n2-ss-layer-row-inner \"><div class=\"n2-ss-layer n2-ow n-uc-iN9BQwVzP6Tx\" data-pm=\"default\" data-sstype=\"col\"><div class=\"n2-ss-layer-col n2-ss-layer-with-background n2-ss-layer-content n-uc-iN9BQwVzP6Tx-inner\"><div class=\"n2-ss-layer n2-ow n-uc-hqVMrn30OCuP n2-ss-layer--auto\" data-pm=\"normal\" data-sstype=\"layer\"><div id=\"n2-ss-30item1\" class=\"n2-font-97cfb49a7734bc4d344b47995734e758-hover   n2-ss-item-content n2-ss-text n2-ow\" style=\"display:inline-block;\">Max Lichtegg: The Charmingboy (1.)<\/div><\/div><\/div><\/div><\/div><\/div><\/div><div class=\"n2-ss-layer n2-ow n-uc-fYRJ7SlvCatU n2-ss-layer--auto\" data-pm=\"normal\" data-animv2=\"{&quot;basic&quot;:{&quot;in&quot;:{&quot;type&quot;:&quot;basic&quot;,&quot;name&quot;:&quot;Bottom fade&quot;,&quot;keyFrames&quot;:[{&quot;opacity&quot;:0,&quot;y&quot;:-400}]}}}\" data-hidemobileportrait=\"1\" data-sstype=\"layer\"><div class=\"n2-ss-button-container n2-ss-item-content n2-ow n2-font-161413a142c368326254a0dd117e236a-link  n2-ss-nowrap n2-ss-button-container--non-full-width\"><a class=\"n2-style-ca35a12d1a8dd4a49edf609fd10c84c4-heading  n2-ow \" href=\"https:\/\/der-bussard.de\/en\/2023\/04\/26\/max-lichtegg-the-charmingboy-1\/\"><div><div>READ<\/div><\/div><\/a><\/div><\/div><div class=\"n2-ss-layer n2-ow n2-ss-layer--block n2-ss-has-self-align n-uc-565YkhtC9HzR\" data-pm=\"normal\" data-sstype=\"row\"><div class=\"n2-ss-layer-row n2-ss-layer-with-background n-uc-565YkhtC9HzR-inner\"><div class=\"n2-ss-layer-row-inner \"><div class=\"n2-ss-layer n2-ow n-uc-ndX7EUqJarRp\" data-pm=\"default\" data-sstype=\"col\"><div class=\"n2-ss-layer-col n2-ss-layer-with-background n2-ss-layer-content n-uc-ndX7EUqJarRp-inner\"><\/div><\/div><div class=\"n2-ss-layer n2-ow n-uc-awv488CUGDvo\" data-pm=\"default\" data-sstype=\"col\"><div class=\"n2-ss-layer-col n2-ss-layer-with-background n2-ss-layer-content n-uc-awv488CUGDvo-inner\"><\/div><\/div><\/div><\/div><\/div><\/div><\/div><\/div><\/div><\/div><div data-slide-duration=\"0\" data-id=\"31\" data-slide-public-id=\"2\" aria-hidden=\"true\" data-title=\"Max Lichtegg: The Ambassador of Music (2.)\" data-haslink=\"1\" data-href=\"https:\/\/der-bussard.de\/en\/2023\/04\/29\/max-lichtegg-the-ambassador-of-music-2\/\" tabindex=\"0\" role=\"button\" data-n2click=\"url\" data-force-pointer=\"\" class=\"n2-ss-slide n2-ow  n2-ss-slide-31\"><div role=\"note\" class=\"n2-ss-slide--focus\">Max Lichtegg: The Ambassador of Music (2.)<\/div><div class=\"n2-ss-layers-container n2-ss-slide-limiter n2-ow\"><div class=\"n2-ss-layer n2-ow n-uc-7kfb8lsbLvsv1\" data-sstype=\"slide\" data-pm=\"default\"><div class=\"n2-ss-layer n2-ow n-uc-o79CV8scalHQ1\" data-pm=\"default\" data-sstype=\"content\" data-hasbackground=\"0\"><div class=\"n2-ss-section-main-content n2-ss-layer-with-background n2-ss-layer-content n2-ow n-uc-o79CV8scalHQ1-inner\"><div class=\"n2-ss-layer n2-ow n2-ss-layer--block n2-ss-has-self-align n-uc-qvKTeR9psVGE1\" data-pm=\"normal\" data-animv2=\"{&quot;basic&quot;:{&quot;in&quot;:{&quot;type&quot;:&quot;basic&quot;,&quot;name&quot;:&quot;Top fade&quot;,&quot;keyFrames&quot;:[{&quot;duration&quot;:1,&quot;opacity&quot;:0,&quot;y&quot;:400}]}}}\" data-sstype=\"row\"><div class=\"n2-ss-layer-row n2-ss-layer-with-background n-uc-qvKTeR9psVGE1-inner\"><div class=\"n2-ss-layer-row-inner \"><div class=\"n2-ss-layer n2-ow n-uc-iN9BQwVzP6Tx1\" data-pm=\"default\" data-sstype=\"col\"><div class=\"n2-ss-layer-col n2-ss-layer-with-background n2-ss-layer-content n-uc-iN9BQwVzP6Tx1-inner\"><div class=\"n2-ss-layer n2-ow n-uc-hqVMrn30OCuP1 n2-ss-layer--auto\" data-pm=\"normal\" data-sstype=\"layer\"><div id=\"n2-ss-30item3\" class=\"n2-font-97cfb49a7734bc4d344b47995734e758-hover   n2-ss-item-content n2-ss-text n2-ow\" style=\"display:inline-block;\">Max Lichtegg: The Ambassador of Music (2.)<\/div><\/div><\/div><\/div><\/div><\/div><\/div><div class=\"n2-ss-layer n2-ow n-uc-fYRJ7SlvCatU1 n2-ss-layer--auto\" data-pm=\"normal\" data-animv2=\"{&quot;basic&quot;:{&quot;in&quot;:{&quot;type&quot;:&quot;basic&quot;,&quot;name&quot;:&quot;Bottom fade&quot;,&quot;keyFrames&quot;:[{&quot;opacity&quot;:0,&quot;y&quot;:-400}]}}}\" data-hidemobileportrait=\"1\" data-sstype=\"layer\"><div class=\"n2-ss-button-container n2-ss-item-content n2-ow n2-font-161413a142c368326254a0dd117e236a-link  n2-ss-nowrap n2-ss-button-container--non-full-width\"><a class=\"n2-style-ca35a12d1a8dd4a49edf609fd10c84c4-heading  n2-ow \" href=\"https:\/\/der-bussard.de\/en\/2023\/04\/29\/max-lichtegg-the-ambassador-of-music-2\/\"><div><div>READ<\/div><\/div><\/a><\/div><\/div><div class=\"n2-ss-layer n2-ow n2-ss-layer--block n2-ss-has-self-align n-uc-565YkhtC9HzR1\" data-pm=\"normal\" data-sstype=\"row\"><div class=\"n2-ss-layer-row n2-ss-layer-with-background n-uc-565YkhtC9HzR1-inner\"><div class=\"n2-ss-layer-row-inner \"><div class=\"n2-ss-layer n2-ow n-uc-ndX7EUqJarRp1\" data-pm=\"default\" data-sstype=\"col\"><div class=\"n2-ss-layer-col n2-ss-layer-with-background n2-ss-layer-content n-uc-ndX7EUqJarRp1-inner\"><\/div><\/div><div class=\"n2-ss-layer n2-ow n-uc-awv488CUGDvo1\" data-pm=\"default\" data-sstype=\"col\"><div class=\"n2-ss-layer-col n2-ss-layer-with-background n2-ss-layer-content n-uc-awv488CUGDvo1-inner\"><\/div><\/div><\/div><\/div><\/div><\/div><\/div><\/div><\/div><\/div><div data-slide-duration=\"0\" data-id=\"31\" data-slide-public-id=\"3\" aria-hidden=\"true\" data-title=\"Max Lichtegg: The Universal Tenor (3.)\" data-haslink=\"1\" data-href=\"https:\/\/der-bussard.de\/en\/2023\/05\/02\/max-lichtegg-the-universal-tenor-3\/\" tabindex=\"0\" role=\"button\" data-n2click=\"url\" data-force-pointer=\"\" class=\"n2-ss-slide n2-ow  n2-ss-slide-31\"><div role=\"note\" class=\"n2-ss-slide--focus\">Max Lichtegg: The Universal Tenor (3.)<\/div><div class=\"n2-ss-layers-container n2-ss-slide-limiter n2-ow\"><div class=\"n2-ss-layer n2-ow n-uc-4idejp0V9uRL2\" data-sstype=\"slide\" data-pm=\"default\"><div class=\"n2-ss-layer n2-ow n-uc-o79CV8scalHQ2\" data-pm=\"default\" data-sstype=\"content\" data-hasbackground=\"0\"><div class=\"n2-ss-section-main-content n2-ss-layer-with-background n2-ss-layer-content n2-ow n-uc-o79CV8scalHQ2-inner\"><div class=\"n2-ss-layer n2-ow n2-ss-layer--block n2-ss-has-self-align n-uc-qvKTeR9psVGE2\" data-pm=\"normal\" data-animv2=\"{&quot;basic&quot;:{&quot;in&quot;:{&quot;type&quot;:&quot;basic&quot;,&quot;name&quot;:&quot;Top fade&quot;,&quot;keyFrames&quot;:[{&quot;duration&quot;:1,&quot;opacity&quot;:0,&quot;y&quot;:400}]}}}\" data-sstype=\"row\"><div class=\"n2-ss-layer-row n2-ss-layer-with-background n-uc-qvKTeR9psVGE2-inner\"><div class=\"n2-ss-layer-row-inner \"><div class=\"n2-ss-layer n2-ow n-uc-iN9BQwVzP6Tx2\" data-pm=\"default\" data-sstype=\"col\"><div class=\"n2-ss-layer-col n2-ss-layer-with-background n2-ss-layer-content n-uc-iN9BQwVzP6Tx2-inner\"><div class=\"n2-ss-layer n2-ow n-uc-hqVMrn30OCuP2 n2-ss-layer--auto\" data-pm=\"normal\" data-sstype=\"layer\"><div id=\"n2-ss-30item5\" class=\"n2-font-97cfb49a7734bc4d344b47995734e758-hover   n2-ss-item-content n2-ss-text n2-ow\" style=\"display:inline-block;\">Max Lichtegg: The Universal Tenor (3.)<\/div><\/div><\/div><\/div><\/div><\/div><\/div><div class=\"n2-ss-layer n2-ow n-uc-fYRJ7SlvCatU2 n2-ss-layer--auto\" data-pm=\"normal\" data-animv2=\"{&quot;basic&quot;:{&quot;in&quot;:{&quot;type&quot;:&quot;basic&quot;,&quot;name&quot;:&quot;Bottom fade&quot;,&quot;keyFrames&quot;:[{&quot;opacity&quot;:0,&quot;y&quot;:-400}]}}}\" data-hidemobileportrait=\"1\" data-sstype=\"layer\"><div class=\"n2-ss-button-container n2-ss-item-content n2-ow n2-font-161413a142c368326254a0dd117e236a-link  n2-ss-nowrap n2-ss-button-container--non-full-width\"><a class=\"n2-style-ca35a12d1a8dd4a49edf609fd10c84c4-heading  n2-ow \" href=\"https:\/\/der-bussard.de\/en\/2023\/05\/02\/max-lichtegg-the-universal-tenor-3\/\"><div><div>READ<\/div><\/div><\/a><\/div><\/div><div class=\"n2-ss-layer n2-ow n2-ss-layer--block n2-ss-has-self-align n-uc-565YkhtC9HzR2\" data-pm=\"normal\" data-sstype=\"row\"><div class=\"n2-ss-layer-row n2-ss-layer-with-background n-uc-565YkhtC9HzR2-inner\"><div class=\"n2-ss-layer-row-inner \"><div class=\"n2-ss-layer n2-ow n-uc-ndX7EUqJarRp2\" data-pm=\"default\" data-sstype=\"col\"><div class=\"n2-ss-layer-col n2-ss-layer-with-background n2-ss-layer-content n-uc-ndX7EUqJarRp2-inner\"><\/div><\/div><div class=\"n2-ss-layer n2-ow n-uc-awv488CUGDvo2\" data-pm=\"default\" data-sstype=\"col\"><div class=\"n2-ss-layer-col n2-ss-layer-with-background n2-ss-layer-content n-uc-awv488CUGDvo2-inner\"><\/div><\/div><\/div><\/div><\/div><\/div><\/div><\/div><\/div><\/div>                    <\/div>\n\n                                    <\/div>\n            <\/div>\n        <\/div>\n        <div class=\"n2-ss-slider-controls n2-ss-slider-controls-absolute-right-top\"><div style=\"--widget-offset:15px;\" class=\"n2-ss-widget n2-style-f17ddbf2d8ed14421f9093b94b93b8a9-heading nextend-autoplay n2-ow-all nextend-autoplay-image\" role=\"button\" aria-label=\"Play autoplay\" data-pause-label=\"Pause autoplay\" data-play-label=\"Play autoplay\" tabindex=\"0\"><img decoding=\"async\" width=\"16\" height=\"16\" class=\"nextend-autoplay-play skip-lazy\" data-skip-lazy=\"1\" src=\"data:image\/svg+xml;base64,PHN2ZyB3aWR0aD0iMTYiIGhlaWdodD0iMTYiIHZpZXdCb3g9IjAgMCAxNiAxNiIgeG1sbnM9Imh0dHA6Ly93d3cudzMub3JnLzIwMDAvc3ZnIj4KICAgIDxwYXRoIGQ9Ik0xMS41OCA3LjAzTDUuMzAyIDIuMTY1QzUuMTY1IDIuMDU3IDUuMDE2IDIgNC44NTcgMiA0LjM4NCAyIDQgMi41MDQgNCAzLjEyNXY5Ljc1YzAgLjYyLjM4NCAxLjEyNS44NTcgMS4xMjUuMTYgMCAuMzA4LS4wNTcuNDM2LS4xNTZMMTEuNTggOC45N2MuMjUtLjE5OC40Mi0uNTU4LjQyLS45NyAwLS40MTItLjE3LS43NzMtLjQyLS45N3oiCiAgICAgICAgICBmaWxsPSIjZmZmZmZmIiBvcGFjaXR5PSIwLjgiIGZpbGwtcnVsZT0iZXZlbm9kZCIvPgo8L3N2Zz4=\" alt=\"Play\"><img loading=\"lazy\" decoding=\"async\" width=\"16\" height=\"16\" class=\"nextend-autoplay-pause skip-lazy\" data-skip-lazy=\"1\" src=\"data:image\/svg+xml;base64,PHN2ZyB3aWR0aD0iMTYiIGhlaWdodD0iMTYiIHZpZXdCb3g9IjAgMCAxNiAxNiIgeG1sbnM9Imh0dHA6Ly93d3cudzMub3JnLzIwMDAvc3ZnIj4KICAgIDxwYXRoIGQ9Ik00IDJ2MTJoM1YySDR6bTUgMHYxMmgzVjJIOXoiIGZpbGw9IiNmZmZmZmYiIG9wYWNpdHk9IjAuOCIgZmlsbC1ydWxlPSJldmVub2RkIi8+Cjwvc3ZnPg==\" alt=\"Pause\"><\/div><\/div><div class=\"n2-ss-slider-controls n2-ss-slider-controls-absolute-left-center\"><div style=\"--widget-offset:15px;\" class=\"n2-ss-widget nextend-arrow n2-ow-all nextend-arrow-previous  nextend-arrow-animated-fade\" data-hide-mobilelandscape=\"1\" data-hide-mobileportrait=\"1\" id=\"n2-ss-30-arrow-previous\" role=\"button\" aria-label=\"previous arrow\" tabindex=\"0\"><img loading=\"lazy\" decoding=\"async\" width=\"32\" height=\"32\" class=\"skip-lazy\" data-skip-lazy=\"1\" src=\"data:image\/svg+xml;base64,PHN2ZyB3aWR0aD0iMzIiIGhlaWdodD0iMzIiIHZpZXdCb3g9IjAgMCAzMiAzMiIgeG1sbnM9Imh0dHA6Ly93d3cudzMub3JnLzIwMDAvc3ZnIj4KICAgIDxwYXRoIGQ9Ik0xMS40MzMgMTUuOTkyTDIyLjY5IDUuNzEyYy4zOTMtLjM5LjM5My0xLjAzIDAtMS40Mi0uMzkzLS4zOS0xLjAzLS4zOS0xLjQyMyAwbC0xMS45OCAxMC45NGMtLjIxLjIxLS4zLjQ5LS4yODUuNzYtLjAxNS4yOC4wNzUuNTYuMjg0Ljc3bDExLjk4IDEwLjk0Yy4zOTMuMzkgMS4wMy4zOSAxLjQyNCAwIC4zOTMtLjQuMzkzLTEuMDMgMC0xLjQybC0xMS4yNTctMTAuMjkiCiAgICAgICAgICBmaWxsPSIjZmZmZmZmIiBvcGFjaXR5PSIwLjgiIGZpbGwtcnVsZT0iZXZlbm9kZCIvPgo8L3N2Zz4=\" alt=\"previous arrow\"><\/div><\/div><div class=\"n2-ss-slider-controls n2-ss-slider-controls-absolute-right-center\"><div style=\"--widget-offset:15px;\" class=\"n2-ss-widget nextend-arrow n2-ow-all nextend-arrow-next  nextend-arrow-animated-fade\" data-hide-mobilelandscape=\"1\" data-hide-mobileportrait=\"1\" id=\"n2-ss-30-arrow-next\" role=\"button\" aria-label=\"next arrow\" tabindex=\"0\"><img loading=\"lazy\" decoding=\"async\" width=\"32\" height=\"32\" class=\"skip-lazy\" data-skip-lazy=\"1\" src=\"data:image\/svg+xml;base64,PHN2ZyB3aWR0aD0iMzIiIGhlaWdodD0iMzIiIHZpZXdCb3g9IjAgMCAzMiAzMiIgeG1sbnM9Imh0dHA6Ly93d3cudzMub3JnLzIwMDAvc3ZnIj4KICAgIDxwYXRoIGQ9Ik0xMC43MjIgNC4yOTNjLS4zOTQtLjM5LTEuMDMyLS4zOS0xLjQyNyAwLS4zOTMuMzktLjM5MyAxLjAzIDAgMS40MmwxMS4yODMgMTAuMjgtMTEuMjgzIDEwLjI5Yy0uMzkzLjM5LS4zOTMgMS4wMiAwIDEuNDIuMzk1LjM5IDEuMDMzLjM5IDEuNDI3IDBsMTIuMDA3LTEwLjk0Yy4yMS0uMjEuMy0uNDkuMjg0LS43Ny4wMTQtLjI3LS4wNzYtLjU1LS4yODYtLjc2TDEwLjcyIDQuMjkzeiIKICAgICAgICAgIGZpbGw9IiNmZmZmZmYiIG9wYWNpdHk9IjAuOCIgZmlsbC1ydWxlPSJldmVub2RkIi8+Cjwvc3ZnPg==\" alt=\"next arrow\"><\/div><\/div><\/div><\/div><ss3-loader><\/ss3-loader><\/div><\/div><div class=\"n2_clear\"><\/div><\/div>","protected":false},"excerpt":{"rendered":"<p>Continued from part two In 1949 Max Lichtegg celebrated a kind of &#8220;return to Vienna&#8221; \u2013 to the city where his musical career had begun. &#8230;<\/p>\n","protected":false},"author":1,"featured_media":2034,"comment_status":"open","ping_status":"open","sticky":false,"template":"","format":"standard","meta":{"footnotes":""},"categories":[238,4,118],"tags":[62,88,117],"class_list":["post-2037","post","type-post","status-publish","format-standard","has-post-thumbnail","hentry","category-max-lichtegg","category-music","category-opera","tag-music","tag-opera","tag-tenor"],"yoast_head":"<!-- This site is optimized with the Yoast SEO plugin v27.4 - https:\/\/yoast.com\/product\/yoast-seo-wordpress\/ -->\n<title>Max Lichtegg: The Universal Tenor (3.) &#8211; Der Bussard | EN<\/title>\n<meta name=\"robots\" content=\"index, follow, max-snippet:-1, max-image-preview:large, max-video-preview:-1\" \/>\n<link rel=\"canonical\" href=\"https:\/\/der-bussard.de\/en\/2023\/05\/02\/max-lichtegg-the-universal-tenor-3\/\" \/>\n<meta property=\"og:locale\" content=\"en_GB\" \/>\n<meta property=\"og:type\" content=\"article\" \/>\n<meta property=\"og:title\" content=\"Max Lichtegg: The Universal Tenor (3.) &#8211; Der Bussard | EN\" \/>\n<meta property=\"og:description\" content=\"Continued from part two In 1949 Max Lichtegg celebrated a kind of &#8220;return to Vienna&#8221; \u2013 to the city where his musical career had begun. ...\" \/>\n<meta property=\"og:url\" content=\"https:\/\/der-bussard.de\/en\/2023\/05\/02\/max-lichtegg-the-universal-tenor-3\/\" \/>\n<meta property=\"og:site_name\" content=\"Der Bussard | EN\" \/>\n<meta property=\"article:published_time\" content=\"2023-05-02T12:00:00+00:00\" \/>\n<meta property=\"og:image\" content=\"https:\/\/der-bussard.de\/en\/wp-content\/uploads\/sites\/2\/2023\/05\/mit-Dagmar-Koller-Fernsehen-1970-scaled-e1682950326453.jpg\" \/>\n\t<meta property=\"og:image:width\" content=\"2560\" \/>\n\t<meta property=\"og:image:height\" content=\"1619\" \/>\n\t<meta property=\"og:image:type\" content=\"image\/jpeg\" \/>\n<meta name=\"author\" content=\"Der Bussard\" \/>\n<meta name=\"twitter:card\" content=\"summary_large_image\" \/>\n<meta name=\"twitter:label1\" content=\"Written by\" \/>\n\t<meta name=\"twitter:data1\" content=\"Der Bussard\" \/>\n\t<meta name=\"twitter:label2\" content=\"Estimated reading time\" \/>\n\t<meta name=\"twitter:data2\" content=\"7 minutes\" \/>\n<script type=\"application\/ld+json\" class=\"yoast-schema-graph\">{\"@context\":\"https:\\\/\\\/schema.org\",\"@graph\":[{\"@type\":\"Article\",\"@id\":\"https:\\\/\\\/der-bussard.de\\\/en\\\/2023\\\/05\\\/02\\\/max-lichtegg-the-universal-tenor-3\\\/#article\",\"isPartOf\":{\"@id\":\"https:\\\/\\\/der-bussard.de\\\/en\\\/2023\\\/05\\\/02\\\/max-lichtegg-the-universal-tenor-3\\\/\"},\"author\":{\"name\":\"Der Bussard\",\"@id\":\"https:\\\/\\\/der-bussard.de\\\/en\\\/#\\\/schema\\\/person\\\/c54bad2a3326f772d61db619e4c0772a\"},\"headline\":\"Max Lichtegg: The Universal Tenor (3.)\",\"datePublished\":\"2023-05-02T12:00:00+00:00\",\"mainEntityOfPage\":{\"@id\":\"https:\\\/\\\/der-bussard.de\\\/en\\\/2023\\\/05\\\/02\\\/max-lichtegg-the-universal-tenor-3\\\/\"},\"wordCount\":1314,\"commentCount\":0,\"publisher\":{\"@id\":\"https:\\\/\\\/der-bussard.de\\\/en\\\/#organization\"},\"image\":{\"@id\":\"https:\\\/\\\/der-bussard.de\\\/en\\\/2023\\\/05\\\/02\\\/max-lichtegg-the-universal-tenor-3\\\/#primaryimage\"},\"thumbnailUrl\":\"https:\\\/\\\/der-bussard.de\\\/en\\\/wp-content\\\/uploads\\\/sites\\\/2\\\/2023\\\/05\\\/mit-Dagmar-Koller-Fernsehen-1970-scaled-e1682950326453.jpg\",\"keywords\":[\"music\",\"Opera\",\"Tenor\"],\"articleSection\":[\"Max Lichtegg\",\"Music\",\"Opera\"],\"inLanguage\":\"en-GB\",\"potentialAction\":[{\"@type\":\"CommentAction\",\"name\":\"Comment\",\"target\":[\"https:\\\/\\\/der-bussard.de\\\/en\\\/2023\\\/05\\\/02\\\/max-lichtegg-the-universal-tenor-3\\\/#respond\"]}]},{\"@type\":\"WebPage\",\"@id\":\"https:\\\/\\\/der-bussard.de\\\/en\\\/2023\\\/05\\\/02\\\/max-lichtegg-the-universal-tenor-3\\\/\",\"url\":\"https:\\\/\\\/der-bussard.de\\\/en\\\/2023\\\/05\\\/02\\\/max-lichtegg-the-universal-tenor-3\\\/\",\"name\":\"Max Lichtegg: The Universal Tenor (3.) &#8211; Der Bussard | EN\",\"isPartOf\":{\"@id\":\"https:\\\/\\\/der-bussard.de\\\/en\\\/#website\"},\"primaryImageOfPage\":{\"@id\":\"https:\\\/\\\/der-bussard.de\\\/en\\\/2023\\\/05\\\/02\\\/max-lichtegg-the-universal-tenor-3\\\/#primaryimage\"},\"image\":{\"@id\":\"https:\\\/\\\/der-bussard.de\\\/en\\\/2023\\\/05\\\/02\\\/max-lichtegg-the-universal-tenor-3\\\/#primaryimage\"},\"thumbnailUrl\":\"https:\\\/\\\/der-bussard.de\\\/en\\\/wp-content\\\/uploads\\\/sites\\\/2\\\/2023\\\/05\\\/mit-Dagmar-Koller-Fernsehen-1970-scaled-e1682950326453.jpg\",\"datePublished\":\"2023-05-02T12:00:00+00:00\",\"breadcrumb\":{\"@id\":\"https:\\\/\\\/der-bussard.de\\\/en\\\/2023\\\/05\\\/02\\\/max-lichtegg-the-universal-tenor-3\\\/#breadcrumb\"},\"inLanguage\":\"en-GB\",\"potentialAction\":[{\"@type\":\"ReadAction\",\"target\":[\"https:\\\/\\\/der-bussard.de\\\/en\\\/2023\\\/05\\\/02\\\/max-lichtegg-the-universal-tenor-3\\\/\"]}]},{\"@type\":\"ImageObject\",\"inLanguage\":\"en-GB\",\"@id\":\"https:\\\/\\\/der-bussard.de\\\/en\\\/2023\\\/05\\\/02\\\/max-lichtegg-the-universal-tenor-3\\\/#primaryimage\",\"url\":\"https:\\\/\\\/der-bussard.de\\\/en\\\/wp-content\\\/uploads\\\/sites\\\/2\\\/2023\\\/05\\\/mit-Dagmar-Koller-Fernsehen-1970-scaled-e1682950326453.jpg\",\"contentUrl\":\"https:\\\/\\\/der-bussard.de\\\/en\\\/wp-content\\\/uploads\\\/sites\\\/2\\\/2023\\\/05\\\/mit-Dagmar-Koller-Fernsehen-1970-scaled-e1682950326453.jpg\",\"width\":2560,\"height\":1619},{\"@type\":\"BreadcrumbList\",\"@id\":\"https:\\\/\\\/der-bussard.de\\\/en\\\/2023\\\/05\\\/02\\\/max-lichtegg-the-universal-tenor-3\\\/#breadcrumb\",\"itemListElement\":[{\"@type\":\"ListItem\",\"position\":1,\"name\":\"Startseite\",\"item\":\"https:\\\/\\\/der-bussard.de\\\/en\\\/\"},{\"@type\":\"ListItem\",\"position\":2,\"name\":\"Max Lichtegg: The Universal Tenor (3.)\"}]},{\"@type\":\"WebSite\",\"@id\":\"https:\\\/\\\/der-bussard.de\\\/en\\\/#website\",\"url\":\"https:\\\/\\\/der-bussard.de\\\/en\\\/\",\"name\":\"Der Bussard | EN \u2013 The Oasis of Culture\",\"description\":\"The Oasis of Culture\",\"publisher\":{\"@id\":\"https:\\\/\\\/der-bussard.de\\\/en\\\/#organization\"},\"alternateName\":\"Der Bussard | EN\",\"potentialAction\":[{\"@type\":\"SearchAction\",\"target\":{\"@type\":\"EntryPoint\",\"urlTemplate\":\"https:\\\/\\\/der-bussard.de\\\/en\\\/?s={search_term_string}\"},\"query-input\":{\"@type\":\"PropertyValueSpecification\",\"valueRequired\":true,\"valueName\":\"search_term_string\"}}],\"inLanguage\":\"en-GB\"},{\"@type\":\"Organization\",\"@id\":\"https:\\\/\\\/der-bussard.de\\\/en\\\/#organization\",\"name\":\"Der Bussard | EN \u2013 The Oasis of Culture\",\"alternateName\":\"Der Bussard | EN\",\"url\":\"https:\\\/\\\/der-bussard.de\\\/en\\\/\",\"logo\":{\"@type\":\"ImageObject\",\"inLanguage\":\"en-GB\",\"@id\":\"https:\\\/\\\/der-bussard.de\\\/en\\\/#\\\/schema\\\/logo\\\/image\\\/\",\"url\":\"https:\\\/\\\/der-bussard.de\\\/en\\\/wp-content\\\/uploads\\\/sites\\\/2\\\/2021\\\/11\\\/neueslogo-der-bussard.png\",\"contentUrl\":\"https:\\\/\\\/der-bussard.de\\\/en\\\/wp-content\\\/uploads\\\/sites\\\/2\\\/2021\\\/11\\\/neueslogo-der-bussard.png\",\"width\":2480,\"height\":876,\"caption\":\"Der Bussard | EN \u2013 The Oasis of Culture\"},\"image\":{\"@id\":\"https:\\\/\\\/der-bussard.de\\\/en\\\/#\\\/schema\\\/logo\\\/image\\\/\"}},{\"@type\":\"Person\",\"@id\":\"https:\\\/\\\/der-bussard.de\\\/en\\\/#\\\/schema\\\/person\\\/c54bad2a3326f772d61db619e4c0772a\",\"name\":\"Der Bussard\",\"sameAs\":[\"https:\\\/\\\/der-bussard.de\"],\"url\":\"https:\\\/\\\/der-bussard.de\\\/en\\\/author\\\/tritschler\\\/\"}]}<\/script>\n<!-- \/ Yoast SEO plugin. -->","yoast_head_json":{"title":"Max Lichtegg: The Universal Tenor (3.) &#8211; Der Bussard | EN","robots":{"index":"index","follow":"follow","max-snippet":"max-snippet:-1","max-image-preview":"max-image-preview:large","max-video-preview":"max-video-preview:-1"},"canonical":"https:\/\/der-bussard.de\/en\/2023\/05\/02\/max-lichtegg-the-universal-tenor-3\/","og_locale":"en_GB","og_type":"article","og_title":"Max Lichtegg: The Universal Tenor (3.) &#8211; Der Bussard | EN","og_description":"Continued from part two In 1949 Max Lichtegg celebrated a kind of &#8220;return to Vienna&#8221; \u2013 to the city where his musical career had begun. ...","og_url":"https:\/\/der-bussard.de\/en\/2023\/05\/02\/max-lichtegg-the-universal-tenor-3\/","og_site_name":"Der Bussard | EN","article_published_time":"2023-05-02T12:00:00+00:00","og_image":[{"width":2560,"height":1619,"url":"https:\/\/der-bussard.de\/en\/wp-content\/uploads\/sites\/2\/2023\/05\/mit-Dagmar-Koller-Fernsehen-1970-scaled-e1682950326453.jpg","type":"image\/jpeg"}],"author":"Der Bussard","twitter_card":"summary_large_image","twitter_misc":{"Written by":"Der Bussard","Estimated reading time":"7 minutes"},"schema":{"@context":"https:\/\/schema.org","@graph":[{"@type":"Article","@id":"https:\/\/der-bussard.de\/en\/2023\/05\/02\/max-lichtegg-the-universal-tenor-3\/#article","isPartOf":{"@id":"https:\/\/der-bussard.de\/en\/2023\/05\/02\/max-lichtegg-the-universal-tenor-3\/"},"author":{"name":"Der Bussard","@id":"https:\/\/der-bussard.de\/en\/#\/schema\/person\/c54bad2a3326f772d61db619e4c0772a"},"headline":"Max Lichtegg: The Universal Tenor (3.)","datePublished":"2023-05-02T12:00:00+00:00","mainEntityOfPage":{"@id":"https:\/\/der-bussard.de\/en\/2023\/05\/02\/max-lichtegg-the-universal-tenor-3\/"},"wordCount":1314,"commentCount":0,"publisher":{"@id":"https:\/\/der-bussard.de\/en\/#organization"},"image":{"@id":"https:\/\/der-bussard.de\/en\/2023\/05\/02\/max-lichtegg-the-universal-tenor-3\/#primaryimage"},"thumbnailUrl":"https:\/\/der-bussard.de\/en\/wp-content\/uploads\/sites\/2\/2023\/05\/mit-Dagmar-Koller-Fernsehen-1970-scaled-e1682950326453.jpg","keywords":["music","Opera","Tenor"],"articleSection":["Max Lichtegg","Music","Opera"],"inLanguage":"en-GB","potentialAction":[{"@type":"CommentAction","name":"Comment","target":["https:\/\/der-bussard.de\/en\/2023\/05\/02\/max-lichtegg-the-universal-tenor-3\/#respond"]}]},{"@type":"WebPage","@id":"https:\/\/der-bussard.de\/en\/2023\/05\/02\/max-lichtegg-the-universal-tenor-3\/","url":"https:\/\/der-bussard.de\/en\/2023\/05\/02\/max-lichtegg-the-universal-tenor-3\/","name":"Max Lichtegg: The Universal Tenor (3.) &#8211; Der Bussard | EN","isPartOf":{"@id":"https:\/\/der-bussard.de\/en\/#website"},"primaryImageOfPage":{"@id":"https:\/\/der-bussard.de\/en\/2023\/05\/02\/max-lichtegg-the-universal-tenor-3\/#primaryimage"},"image":{"@id":"https:\/\/der-bussard.de\/en\/2023\/05\/02\/max-lichtegg-the-universal-tenor-3\/#primaryimage"},"thumbnailUrl":"https:\/\/der-bussard.de\/en\/wp-content\/uploads\/sites\/2\/2023\/05\/mit-Dagmar-Koller-Fernsehen-1970-scaled-e1682950326453.jpg","datePublished":"2023-05-02T12:00:00+00:00","breadcrumb":{"@id":"https:\/\/der-bussard.de\/en\/2023\/05\/02\/max-lichtegg-the-universal-tenor-3\/#breadcrumb"},"inLanguage":"en-GB","potentialAction":[{"@type":"ReadAction","target":["https:\/\/der-bussard.de\/en\/2023\/05\/02\/max-lichtegg-the-universal-tenor-3\/"]}]},{"@type":"ImageObject","inLanguage":"en-GB","@id":"https:\/\/der-bussard.de\/en\/2023\/05\/02\/max-lichtegg-the-universal-tenor-3\/#primaryimage","url":"https:\/\/der-bussard.de\/en\/wp-content\/uploads\/sites\/2\/2023\/05\/mit-Dagmar-Koller-Fernsehen-1970-scaled-e1682950326453.jpg","contentUrl":"https:\/\/der-bussard.de\/en\/wp-content\/uploads\/sites\/2\/2023\/05\/mit-Dagmar-Koller-Fernsehen-1970-scaled-e1682950326453.jpg","width":2560,"height":1619},{"@type":"BreadcrumbList","@id":"https:\/\/der-bussard.de\/en\/2023\/05\/02\/max-lichtegg-the-universal-tenor-3\/#breadcrumb","itemListElement":[{"@type":"ListItem","position":1,"name":"Startseite","item":"https:\/\/der-bussard.de\/en\/"},{"@type":"ListItem","position":2,"name":"Max Lichtegg: The Universal Tenor (3.)"}]},{"@type":"WebSite","@id":"https:\/\/der-bussard.de\/en\/#website","url":"https:\/\/der-bussard.de\/en\/","name":"Der Bussard | EN \u2013 The Oasis of Culture","description":"The Oasis of Culture","publisher":{"@id":"https:\/\/der-bussard.de\/en\/#organization"},"alternateName":"Der Bussard | EN","potentialAction":[{"@type":"SearchAction","target":{"@type":"EntryPoint","urlTemplate":"https:\/\/der-bussard.de\/en\/?s={search_term_string}"},"query-input":{"@type":"PropertyValueSpecification","valueRequired":true,"valueName":"search_term_string"}}],"inLanguage":"en-GB"},{"@type":"Organization","@id":"https:\/\/der-bussard.de\/en\/#organization","name":"Der Bussard | EN \u2013 The Oasis of Culture","alternateName":"Der Bussard | EN","url":"https:\/\/der-bussard.de\/en\/","logo":{"@type":"ImageObject","inLanguage":"en-GB","@id":"https:\/\/der-bussard.de\/en\/#\/schema\/logo\/image\/","url":"https:\/\/der-bussard.de\/en\/wp-content\/uploads\/sites\/2\/2021\/11\/neueslogo-der-bussard.png","contentUrl":"https:\/\/der-bussard.de\/en\/wp-content\/uploads\/sites\/2\/2021\/11\/neueslogo-der-bussard.png","width":2480,"height":876,"caption":"Der Bussard | EN \u2013 The Oasis of Culture"},"image":{"@id":"https:\/\/der-bussard.de\/en\/#\/schema\/logo\/image\/"}},{"@type":"Person","@id":"https:\/\/der-bussard.de\/en\/#\/schema\/person\/c54bad2a3326f772d61db619e4c0772a","name":"Der Bussard","sameAs":["https:\/\/der-bussard.de"],"url":"https:\/\/der-bussard.de\/en\/author\/tritschler\/"}]}},"_links":{"self":[{"href":"https:\/\/der-bussard.de\/en\/wp-json\/wp\/v2\/posts\/2037","targetHints":{"allow":["GET"]}}],"collection":[{"href":"https:\/\/der-bussard.de\/en\/wp-json\/wp\/v2\/posts"}],"about":[{"href":"https:\/\/der-bussard.de\/en\/wp-json\/wp\/v2\/types\/post"}],"author":[{"embeddable":true,"href":"https:\/\/der-bussard.de\/en\/wp-json\/wp\/v2\/users\/1"}],"replies":[{"embeddable":true,"href":"https:\/\/der-bussard.de\/en\/wp-json\/wp\/v2\/comments?post=2037"}],"version-history":[{"count":4,"href":"https:\/\/der-bussard.de\/en\/wp-json\/wp\/v2\/posts\/2037\/revisions"}],"predecessor-version":[{"id":2044,"href":"https:\/\/der-bussard.de\/en\/wp-json\/wp\/v2\/posts\/2037\/revisions\/2044"}],"wp:featuredmedia":[{"embeddable":true,"href":"https:\/\/der-bussard.de\/en\/wp-json\/wp\/v2\/media\/2034"}],"wp:attachment":[{"href":"https:\/\/der-bussard.de\/en\/wp-json\/wp\/v2\/media?parent=2037"}],"wp:term":[{"taxonomy":"category","embeddable":true,"href":"https:\/\/der-bussard.de\/en\/wp-json\/wp\/v2\/categories?post=2037"},{"taxonomy":"post_tag","embeddable":true,"href":"https:\/\/der-bussard.de\/en\/wp-json\/wp\/v2\/tags?post=2037"}],"curies":[{"name":"wp","href":"https:\/\/api.w.org\/{rel}","templated":true}]}}